{"id":5173,"date":"2023-05-22T10:50:05","date_gmt":"2023-05-22T13:50:05","guid":{"rendered":"http:\/\/blogdoarmindomaia.com.br\/?p=5173"},"modified":"2023-05-22T10:50:08","modified_gmt":"2023-05-22T13:50:08","slug":"governo-do-estado-e-vereadores-debatem-melhorias-para-araxa-e-regiao","status":"publish","type":"post","link":"http:\/\/blogdoarmindomaia.com.br\/?p=5173","title":{"rendered":"Governo do Estado e Vereadores debatem melhorias para Arax\u00e1 e regi\u00e3o"},"content":{"rendered":"\n<figure class=\"wp-block-image size-large is-style-default\"><img loading=\"lazy\" decoding=\"async\" width=\"1024\" height=\"768\" src=\"http:\/\/blogdoarmindomaia.com.br\/wp-content\/uploads\/2023\/05\/Governo-do-Estado-e-Vereadores-debatem-melhorias-para-Araxa-e-regiao-pag-07-1024x768.jpeg\" alt=\"\" class=\"wp-image-5174\" srcset=\"http:\/\/blogdoarmindomaia.com.br\/wp-content\/uploads\/2023\/05\/Governo-do-Estado-e-Vereadores-debatem-melhorias-para-Araxa-e-regiao-pag-07-1024x768.jpeg 1024w, http:\/\/blogdoarmindomaia.com.br\/wp-content\/uploads\/2023\/05\/Governo-do-Estado-e-Vereadores-debatem-melhorias-para-Araxa-e-regiao-pag-07-300x225.jpeg 300w, http:\/\/blogdoarmindomaia.com.br\/wp-content\/uploads\/2023\/05\/Governo-do-Estado-e-Vereadores-debatem-melhorias-para-Araxa-e-regiao-pag-07-768x576.jpeg 768w, http:\/\/blogdoarmindomaia.com.br\/wp-content\/uploads\/2023\/05\/Governo-do-Estado-e-Vereadores-debatem-melhorias-para-Araxa-e-regiao-pag-07-1536x1152.jpeg 1536w, http:\/\/blogdoarmindomaia.com.br\/wp-content\/uploads\/2023\/05\/Governo-do-Estado-e-Vereadores-debatem-melhorias-para-Araxa-e-regiao-pag-07.jpeg 1600w\" sizes=\"auto, (max-width: 1024px) 100vw, 1024px\" \/><\/figure>\n\n\n\n<p>Na tarde de quarta-feira (17), os vereadores da C\u00e2mara Municipal de Arax\u00e1 receberam a visita de Jo\u00e3o Ferreira, assessor do vice-governador de Minas Gerais, Mateus Sim\u00f5es, para uma reuni\u00e3o que aconteceu no plenarinho Jos\u00e9 Maria Lemos. O encontro foi conduzido pelo presidente da casa, vereador Bosco J\u00fanior, e contou com a participa\u00e7\u00e3o de vereadores e assessores.<\/p>\n\n\n\n<p>O representante do Governo do Estado destacou que a visita faz parte de uma reestrutura\u00e7\u00e3o de atendimento ao interior, buscando trazer o governo para perto, ouvir o que as cidades est\u00e3o precisando para levar os apontamentos para a cidade administrativa.<\/p>\n\n\n\n<p>Os vereadores aproveitaram a oportunidade para enumerar as principais demandas de Arax\u00e1 e regi\u00e3o. Eles apontaram como prioridade o pagamento do piso nacional da educa\u00e7\u00e3o, a instala\u00e7\u00e3o do Samu em Arax\u00e1, a implanta\u00e7\u00e3o de um campus de uma universidade federal em Arax\u00e1, melhorias no complexo do Barreiro, melhorias nas rodovias da regi\u00e3o, a falta de m\u00e3o de obra qualificada para preencher vagas de emprego, a implanta\u00e7\u00e3o de programas de capacita\u00e7\u00e3o profissional, a revis\u00e3o do veto do governo \u00e0 proposta de cria\u00e7\u00e3o de centros de atendimento a pessoas do espectro autista em Minas Gerais e ajuda para a Santa Casa de Arax\u00e1.<\/p>\n\n\n\n<p>Jo\u00e3o Ferreira finalizou se colocando \u00e0 disposi\u00e7\u00e3o dos vereadores e se comprometendo em levar as demandas para o Governo do Estado: \u201cDiscordando ou concordando, estamos sempre abertos para conversar e negociar\u201d, finalizou o assessor.<\/p>\n","protected":false},"excerpt":{"rendered":"<p>Na tarde de quarta-feira (17), os vereadores da C\u00e2mara Municipal de Arax\u00e1 receberam a visita de Jo\u00e3o Ferreira, assessor do<\/p>\n","protected":false},"author":2,"featured_media":5174,"comment_status":"open","ping_status":"open","sticky":false,"template":"","format":"standard","meta":{"footnotes":""},"categories":[9,11],"tags":[],"class_list":["post-5173","post","type-post","status-publish","format-standard","has-post-thumbnail","hentry","category-araxa","category-destaques"],"_links":{"self":[{"href":"http:\/\/blogdoarmindomaia.com.br\/index.php?rest_route=\/wp\/v2\/posts\/5173","targetHints":{"allow":["GET"]}}],"collection":[{"href":"http:\/\/blogdoarmindomaia.com.br\/index.php?rest_route=\/wp\/v2\/posts"}],"about":[{"href":"http:\/\/blogdoarmindomaia.com.br\/index.php?rest_route=\/wp\/v2\/types\/post"}],"author":[{"embeddable":true,"href":"http:\/\/blogdoarmindomaia.com.br\/index.php?rest_route=\/wp\/v2\/users\/2"}],"replies":[{"embeddable":true,"href":"http:\/\/blogdoarmindomaia.com.br\/index.php?rest_route=%2Fwp%2Fv2%2Fcomments&post=5173"}],"version-history":[{"count":1,"href":"http:\/\/blogdoarmindomaia.com.br\/index.php?rest_route=\/wp\/v2\/posts\/5173\/revisions"}],"predecessor-version":[{"id":5175,"href":"http:\/\/blogdoarmindomaia.com.br\/index.php?rest_route=\/wp\/v2\/posts\/5173\/revisions\/5175"}],"wp:featuredmedia":[{"embeddable":true,"href":"http:\/\/blogdoarmindomaia.com.br\/index.php?rest_route=\/wp\/v2\/media\/5174"}],"wp:attachment":[{"href":"http:\/\/blogdoarmindomaia.com.br\/index.php?rest_route=%2Fwp%2Fv2%2Fmedia&parent=5173"}],"wp:term":[{"taxonomy":"category","embeddable":true,"href":"http:\/\/blogdoarmindomaia.com.br\/index.php?rest_route=%2Fwp%2Fv2%2Fcategories&post=5173"},{"taxonomy":"post_tag","embeddable":true,"href":"http:\/\/blogdoarmindomaia.com.br\/index.php?rest_route=%2Fwp%2Fv2%2Ftags&post=5173"}],"curies":[{"name":"wp","href":"https:\/\/api.w.org\/{rel}","templated":true}]}}