{"id":5176,"date":"2023-05-22T10:54:24","date_gmt":"2023-05-22T13:54:24","guid":{"rendered":"http:\/\/blogdoarmindomaia.com.br\/?p=5176"},"modified":"2023-05-22T10:54:27","modified_gmt":"2023-05-22T13:54:27","slug":"araxa-participou-do-38o-congresso-mineiro-de-municipios","status":"publish","type":"post","link":"http:\/\/blogdoarmindomaia.com.br\/?p=5176","title":{"rendered":"Arax\u00e1 participou do 38\u00ba Congresso Mineiro de Munic\u00edpios"},"content":{"rendered":"\n<figure class=\"wp-block-image size-large is-style-default\"><img loading=\"lazy\" decoding=\"async\" width=\"1024\" height=\"768\" src=\"http:\/\/blogdoarmindomaia.com.br\/wp-content\/uploads\/2023\/05\/Araxa-participou-do-38o-Congresso-Mineiro-de-Municipios-pag-06-1024x768.jpg\" alt=\"\" class=\"wp-image-5177\" srcset=\"http:\/\/blogdoarmindomaia.com.br\/wp-content\/uploads\/2023\/05\/Araxa-participou-do-38o-Congresso-Mineiro-de-Municipios-pag-06-1024x768.jpg 1024w, http:\/\/blogdoarmindomaia.com.br\/wp-content\/uploads\/2023\/05\/Araxa-participou-do-38o-Congresso-Mineiro-de-Municipios-pag-06-300x225.jpg 300w, http:\/\/blogdoarmindomaia.com.br\/wp-content\/uploads\/2023\/05\/Araxa-participou-do-38o-Congresso-Mineiro-de-Municipios-pag-06-768x576.jpg 768w, http:\/\/blogdoarmindomaia.com.br\/wp-content\/uploads\/2023\/05\/Araxa-participou-do-38o-Congresso-Mineiro-de-Municipios-pag-06.jpg 1280w\" sizes=\"auto, (max-width: 1024px) 100vw, 1024px\" \/><\/figure>\n\n\n\n<p>A Prefeitura de Arax\u00e1 esteve presente no 38\u00ba Congresso Mineiro de Munic\u00edpios, em Belo Horizonte. O evento foi realizado entre os dias 9 e 10 de maio, com atividades relacionadas aos temas \u201cGovernan\u00e7a, Sustentabilidade e Inova\u00e7\u00e3o na Gest\u00e3o P\u00fablica.<br><br>O Munic\u00edpio foi representado pela secret\u00e1ria municipal de Sa\u00fade, Cristiane Gon\u00e7alves Pereira, e a assessora de Finan\u00e7as em Sa\u00fade, Talita Ferreira. Entre os t\u00f3picos abordados, destaque para a utiliza\u00e7\u00e3o dos recursos do Sistema \u00danico de Sa\u00fade (SUS), gest\u00e3o de conv\u00eanios e parcerias, promo\u00e7\u00e3o de pol\u00edticas p\u00fablicas para melhoria da seguran\u00e7a nos munic\u00edpios, utiliza\u00e7\u00e3o e presta\u00e7\u00e3o de contas de recursos estaduais e federais, promo\u00e7\u00e3o de pol\u00edticas p\u00fablicas para combate \u00e0 discrimina\u00e7\u00e3o e viol\u00eancia contra a mulher, dentre outros.<br><\/p>\n","protected":false},"excerpt":{"rendered":"<p>A Prefeitura de Arax\u00e1 esteve presente no 38\u00ba Congresso Mineiro de Munic\u00edpios, em Belo Horizonte. O evento foi realizado entre<\/p>\n","protected":false},"author":2,"featured_media":5177,"comment_status":"open","ping_status":"open","sticky":false,"template":"","format":"standard","meta":{"footnotes":""},"categories":[9,11],"tags":[],"class_list":["post-5176","post","type-post","status-publish","format-standard","has-post-thumbnail","hentry","category-araxa","category-destaques"],"_links":{"self":[{"href":"http:\/\/blogdoarmindomaia.com.br\/index.php?rest_route=\/wp\/v2\/posts\/5176","targetHints":{"allow":["GET"]}}],"collection":[{"href":"http:\/\/blogdoarmindomaia.com.br\/index.php?rest_route=\/wp\/v2\/posts"}],"about":[{"href":"http:\/\/blogdoarmindomaia.com.br\/index.php?rest_route=\/wp\/v2\/types\/post"}],"author":[{"embeddable":true,"href":"http:\/\/blogdoarmindomaia.com.br\/index.php?rest_route=\/wp\/v2\/users\/2"}],"replies":[{"embeddable":true,"href":"http:\/\/blogdoarmindomaia.com.br\/index.php?rest_route=%2Fwp%2Fv2%2Fcomments&post=5176"}],"version-history":[{"count":1,"href":"http:\/\/blogdoarmindomaia.com.br\/index.php?rest_route=\/wp\/v2\/posts\/5176\/revisions"}],"predecessor-version":[{"id":5178,"href":"http:\/\/blogdoarmindomaia.com.br\/index.php?rest_route=\/wp\/v2\/posts\/5176\/revisions\/5178"}],"wp:featuredmedia":[{"embeddable":true,"href":"http:\/\/blogdoarmindomaia.com.br\/index.php?rest_route=\/wp\/v2\/media\/5177"}],"wp:attachment":[{"href":"http:\/\/blogdoarmindomaia.com.br\/index.php?rest_route=%2Fwp%2Fv2%2Fmedia&parent=5176"}],"wp:term":[{"taxonomy":"category","embeddable":true,"href":"http:\/\/blogdoarmindomaia.com.br\/index.php?rest_route=%2Fwp%2Fv2%2Fcategories&post=5176"},{"taxonomy":"post_tag","embeddable":true,"href":"http:\/\/blogdoarmindomaia.com.br\/index.php?rest_route=%2Fwp%2Fv2%2Ftags&post=5176"}],"curies":[{"name":"wp","href":"https:\/\/api.w.org\/{rel}","templated":true}]}}