{"id":5179,"date":"2023-05-22T10:58:22","date_gmt":"2023-05-22T13:58:22","guid":{"rendered":"http:\/\/blogdoarmindomaia.com.br\/?p=5179"},"modified":"2023-05-22T10:58:25","modified_gmt":"2023-05-22T13:58:25","slug":"academia-araxaense-de-letras-da-posse-a-novos-membros-em-evento-no-uniaraxa","status":"publish","type":"post","link":"http:\/\/blogdoarmindomaia.com.br\/?p=5179","title":{"rendered":"Academia Araxaense de Letras d\u00e1 posse a novos membros em evento no Uniarax\u00e1"},"content":{"rendered":"\n<figure class=\"wp-block-image size-large is-style-default\"><img loading=\"lazy\" decoding=\"async\" width=\"1024\" height=\"667\" src=\"http:\/\/blogdoarmindomaia.com.br\/wp-content\/uploads\/2023\/05\/Academia-Araxaense-de-Letras-da-posse-a-novos-membros-em-evento-no-Uniaraxa-pag-09-1024x667.jpeg\" alt=\"\" class=\"wp-image-5180\" srcset=\"http:\/\/blogdoarmindomaia.com.br\/wp-content\/uploads\/2023\/05\/Academia-Araxaense-de-Letras-da-posse-a-novos-membros-em-evento-no-Uniaraxa-pag-09-1024x667.jpeg 1024w, http:\/\/blogdoarmindomaia.com.br\/wp-content\/uploads\/2023\/05\/Academia-Araxaense-de-Letras-da-posse-a-novos-membros-em-evento-no-Uniaraxa-pag-09-300x195.jpeg 300w, http:\/\/blogdoarmindomaia.com.br\/wp-content\/uploads\/2023\/05\/Academia-Araxaense-de-Letras-da-posse-a-novos-membros-em-evento-no-Uniaraxa-pag-09-768x500.jpeg 768w, http:\/\/blogdoarmindomaia.com.br\/wp-content\/uploads\/2023\/05\/Academia-Araxaense-de-Letras-da-posse-a-novos-membros-em-evento-no-Uniaraxa-pag-09-1536x1000.jpeg 1536w, http:\/\/blogdoarmindomaia.com.br\/wp-content\/uploads\/2023\/05\/Academia-Araxaense-de-Letras-da-posse-a-novos-membros-em-evento-no-Uniaraxa-pag-09.jpeg 1600w\" sizes=\"auto, (max-width: 1024px) 100vw, 1024px\" \/><\/figure>\n\n\n\n<figure class=\"wp-block-image size-large is-style-default\"><img loading=\"lazy\" decoding=\"async\" width=\"1024\" height=\"684\" src=\"http:\/\/blogdoarmindomaia.com.br\/wp-content\/uploads\/2023\/05\/posse-6-1024x684.jpeg\" alt=\"\" class=\"wp-image-5181\" srcset=\"http:\/\/blogdoarmindomaia.com.br\/wp-content\/uploads\/2023\/05\/posse-6-1024x684.jpeg 1024w, http:\/\/blogdoarmindomaia.com.br\/wp-content\/uploads\/2023\/05\/posse-6-300x200.jpeg 300w, http:\/\/blogdoarmindomaia.com.br\/wp-content\/uploads\/2023\/05\/posse-6-768x513.jpeg 768w, http:\/\/blogdoarmindomaia.com.br\/wp-content\/uploads\/2023\/05\/posse-6-1536x1026.jpeg 1536w, http:\/\/blogdoarmindomaia.com.br\/wp-content\/uploads\/2023\/05\/posse-6.jpeg 1600w\" sizes=\"auto, (max-width: 1024px) 100vw, 1024px\" \/><\/figure>\n\n\n\n<figure class=\"wp-block-image size-large is-style-default\"><img loading=\"lazy\" decoding=\"async\" width=\"727\" height=\"1024\" src=\"http:\/\/blogdoarmindomaia.com.br\/wp-content\/uploads\/2023\/05\/posse-5-727x1024.jpeg\" alt=\"\" class=\"wp-image-5182\" srcset=\"http:\/\/blogdoarmindomaia.com.br\/wp-content\/uploads\/2023\/05\/posse-5-727x1024.jpeg 727w, http:\/\/blogdoarmindomaia.com.br\/wp-content\/uploads\/2023\/05\/posse-5-213x300.jpeg 213w, http:\/\/blogdoarmindomaia.com.br\/wp-content\/uploads\/2023\/05\/posse-5-768x1082.jpeg 768w, http:\/\/blogdoarmindomaia.com.br\/wp-content\/uploads\/2023\/05\/posse-5-1091x1536.jpeg 1091w, http:\/\/blogdoarmindomaia.com.br\/wp-content\/uploads\/2023\/05\/posse-5.jpeg 1136w\" sizes=\"auto, (max-width: 727px) 100vw, 727px\" \/><\/figure>\n\n\n\n<p><em>Erilda Marques e Ton Carteiro assumiram as cadeiras de n\u00famero 18 e 24, respectivamente<\/em><\/p>\n\n\n\n<p>Erilda Marques Pereira da Rocha e Wellington dos Reis Silva, o Ton Carteiro, s\u00e3o os mais novos membros da Academia Araxaense de Letras (AALetras). Os escritores foram empossados nesta segunda (15) durante uma reuni\u00e3o solene no Tribunal do J\u00fari do Centro Universit\u00e1rio do Planalto de Arax\u00e1 (Uniarax\u00e1), momento em que tamb\u00e9m se comemoraram os 58 anos do sodal\u00edcio.<\/p>\n\n\n\n<p>Erilda ocupar\u00e1 a cadeira 18 e faz hist\u00f3ria como a primeira acad\u00eamica negra a ser empossada na Academia Araxaense de Letras. \u201cS\u00f3 tem uma palavra que \u00e9 capaz de descrever o que estou sentindo neste momento: \u00e9 gratid\u00e3o a Deus e a todos que me ajudaram a chegar at\u00e9 aqui\u201d, disse.<\/p>\n\n\n\n<p>J\u00e1 Wellington assume a cadeira 24 e traz consigo sua reconhecida atua\u00e7\u00e3o no cen\u00e1rio liter\u00e1rio local. \u201cUsando a met\u00e1fora do peda\u00e7o de papel, trago algo em comum com meu patrono Jos\u00e9 de Alencar: a import\u00e2ncia de cada ser liter\u00e1rio e a vontade de transforma\u00e7\u00e3o que ela pode alcan\u00e7ar\u201d, destacou.<\/p>\n\n\n\n<p>Durante a cerim\u00f4nia, Erilda e Ton receberam o diploma e a pelerine, oficializando a entrada na Academia. Eles foram acompanhados dos padrinhos, os acad\u00eamicos C\u00e1tia Lemos e Tarc\u00edsio Cardoso, que proferiram discursos de sauda\u00e7\u00e3o, enaltecendo as trajet\u00f3rias e talentos dos novos membros. Em seu pronunciamento, o presidente da Academia, Luiz Humberto Fran\u00e7a, destacou uma nova fase com a entrada dos acad\u00eamicos. \u201cHoje se escreve uma hist\u00f3rica p\u00e1gina na Casa das Letras, pela simplicidade e riqueza de valores de Ton e pelo fato de Erilda ser a primeira mulher negra a se tornar acad\u00eamica em Arax\u00e1\u201d, ressaltou.<\/p>\n\n\n\n<p><strong>Erilda Marques<\/strong><\/p>\n\n\n\n<p>Erilda Marques Pereira da Rocha tem um curr\u00edculo acad\u00eamico extenso, com quatro gradua\u00e7\u00f5es e cinco especializa\u00e7\u00f5es em diversas \u00e1reas. Al\u00e9m disso, a escritora \u00e9 mestre em Educa\u00e7\u00e3o pela Universidade Metodista de Piracicaba e doutora em Ci\u00eancias pela Universidade de Franca. Sua trajet\u00f3ria tamb\u00e9m inclui a coordena\u00e7\u00e3o de cursos, palestras e projetos de ensino e aprendizagem, al\u00e9m de ter artigos publicados em congressos nacionais e internacionais. Recentemente, Erilda lan\u00e7ou o livro &#8220;Um S\u00e9culo de Hist\u00f3rias e Mem\u00f3rias &#8211; Arax\u00e1 sob a \u00f3tica de antigos moradores&#8221;, uma obra que enriquece o panorama liter\u00e1rio local.<\/p>\n\n\n\n<p><strong>Ton Carteiro<\/strong><\/p>\n\n\n\n<p>Wellington dos Reis Silva, mais conhecido como Ton Carteiro, traz consigo uma trajet\u00f3ria marcada pelo trabalho e dedica\u00e7\u00e3o \u00e0 literatura. Com forma\u00e7\u00e3o t\u00e9cnica em Contabilidade e Ci\u00eancias Cont\u00e1beis, Ton atua como agente dos Correios desde 2002. Nos \u00faltimos anos, ele conquistou notoriedade no cen\u00e1rio liter\u00e1rio local, com participa\u00e7\u00e3o ativa em festivais e eventos liter\u00e1rios, al\u00e9m de palestras e seu pr\u00f3prio podcast intitulado &#8220;Caf\u00e9 com Ton&#8221;. O escritor tamb\u00e9m j\u00e1 teve in\u00fameros poemas e cr\u00f4nicas publicados em jornais e revistas, e neste ano lan\u00e7ar\u00e1 sua obra mais recente, intitulada &#8220;Andan\u00e7as&#8221;.<\/p>\n","protected":false},"excerpt":{"rendered":"<p>Erilda Marques e Ton Carteiro assumiram as cadeiras de n\u00famero 18 e 24, respectivamente Erilda Marques Pereira da Rocha e<\/p>\n","protected":false},"author":2,"featured_media":5180,"comment_status":"open","ping_status":"open","sticky":false,"template":"","format":"standard","meta":{"footnotes":""},"categories":[9,5,11],"tags":[],"class_list":["post-5179","post","type-post","status-publish","format-standard","has-post-thumbnail","hentry","category-araxa","category-arte-e-cultura","category-destaques"],"_links":{"self":[{"href":"http:\/\/blogdoarmindomaia.com.br\/index.php?rest_route=\/wp\/v2\/posts\/5179","targetHints":{"allow":["GET"]}}],"collection":[{"href":"http:\/\/blogdoarmindomaia.com.br\/index.php?rest_route=\/wp\/v2\/posts"}],"about":[{"href":"http:\/\/blogdoarmindomaia.com.br\/index.php?rest_route=\/wp\/v2\/types\/post"}],"author":[{"embeddable":true,"href":"http:\/\/blogdoarmindomaia.com.br\/index.php?rest_route=\/wp\/v2\/users\/2"}],"replies":[{"embeddable":true,"href":"http:\/\/blogdoarmindomaia.com.br\/index.php?rest_route=%2Fwp%2Fv2%2Fcomments&post=5179"}],"version-history":[{"count":1,"href":"http:\/\/blogdoarmindomaia.com.br\/index.php?rest_route=\/wp\/v2\/posts\/5179\/revisions"}],"predecessor-version":[{"id":5183,"href":"http:\/\/blogdoarmindomaia.com.br\/index.php?rest_route=\/wp\/v2\/posts\/5179\/revisions\/5183"}],"wp:featuredmedia":[{"embeddable":true,"href":"http:\/\/blogdoarmindomaia.com.br\/index.php?rest_route=\/wp\/v2\/media\/5180"}],"wp:attachment":[{"href":"http:\/\/blogdoarmindomaia.com.br\/index.php?rest_route=%2Fwp%2Fv2%2Fmedia&parent=5179"}],"wp:term":[{"taxonomy":"category","embeddable":true,"href":"http:\/\/blogdoarmindomaia.com.br\/index.php?rest_route=%2Fwp%2Fv2%2Fcategories&post=5179"},{"taxonomy":"post_tag","embeddable":true,"href":"http:\/\/blogdoarmindomaia.com.br\/index.php?rest_route=%2Fwp%2Fv2%2Ftags&post=5179"}],"curies":[{"name":"wp","href":"https:\/\/api.w.org\/{rel}","templated":true}]}}