{"id":5191,"date":"2023-05-23T11:10:24","date_gmt":"2023-05-23T14:10:24","guid":{"rendered":"http:\/\/blogdoarmindomaia.com.br\/?p=5191"},"modified":"2023-05-23T11:10:27","modified_gmt":"2023-05-23T14:10:27","slug":"camara-aprova-plano-de-cargos-e-salarios-e-plano-de-carreira-da-educacao","status":"publish","type":"post","link":"http:\/\/blogdoarmindomaia.com.br\/?p=5191","title":{"rendered":"C\u00e2mara aprova Plano de Cargos e Sal\u00e1rios e Plano de Carreira da Educa\u00e7\u00e3o"},"content":{"rendered":"\n<figure class=\"wp-block-image size-large is-style-default\"><img loading=\"lazy\" decoding=\"async\" width=\"1024\" height=\"768\" src=\"http:\/\/blogdoarmindomaia.com.br\/wp-content\/uploads\/2023\/05\/foto-oficial-1024x768.jpeg\" alt=\"\" class=\"wp-image-5192\" srcset=\"http:\/\/blogdoarmindomaia.com.br\/wp-content\/uploads\/2023\/05\/foto-oficial-1024x768.jpeg 1024w, http:\/\/blogdoarmindomaia.com.br\/wp-content\/uploads\/2023\/05\/foto-oficial-300x225.jpeg 300w, http:\/\/blogdoarmindomaia.com.br\/wp-content\/uploads\/2023\/05\/foto-oficial-768x576.jpeg 768w, http:\/\/blogdoarmindomaia.com.br\/wp-content\/uploads\/2023\/05\/foto-oficial-1536x1152.jpeg 1536w, http:\/\/blogdoarmindomaia.com.br\/wp-content\/uploads\/2023\/05\/foto-oficial.jpeg 1600w\" sizes=\"auto, (max-width: 1024px) 100vw, 1024px\" \/><\/figure>\n\n\n\n<figure class=\"wp-block-image size-large is-style-default\"><img loading=\"lazy\" decoding=\"async\" width=\"1024\" height=\"768\" src=\"http:\/\/blogdoarmindomaia.com.br\/wp-content\/uploads\/2023\/05\/Camara-aprova-Plano-de-Cargos-e-Salarios-e-Plano-de-Carreira-da-Educacao-pag-07-1024x768.jpeg\" alt=\"\" class=\"wp-image-5193\" srcset=\"http:\/\/blogdoarmindomaia.com.br\/wp-content\/uploads\/2023\/05\/Camara-aprova-Plano-de-Cargos-e-Salarios-e-Plano-de-Carreira-da-Educacao-pag-07-1024x768.jpeg 1024w, http:\/\/blogdoarmindomaia.com.br\/wp-content\/uploads\/2023\/05\/Camara-aprova-Plano-de-Cargos-e-Salarios-e-Plano-de-Carreira-da-Educacao-pag-07-300x225.jpeg 300w, http:\/\/blogdoarmindomaia.com.br\/wp-content\/uploads\/2023\/05\/Camara-aprova-Plano-de-Cargos-e-Salarios-e-Plano-de-Carreira-da-Educacao-pag-07-768x576.jpeg 768w, http:\/\/blogdoarmindomaia.com.br\/wp-content\/uploads\/2023\/05\/Camara-aprova-Plano-de-Cargos-e-Salarios-e-Plano-de-Carreira-da-Educacao-pag-07-1536x1152.jpeg 1536w, http:\/\/blogdoarmindomaia.com.br\/wp-content\/uploads\/2023\/05\/Camara-aprova-Plano-de-Cargos-e-Salarios-e-Plano-de-Carreira-da-Educacao-pag-07.jpeg 1600w\" sizes=\"auto, (max-width: 1024px) 100vw, 1024px\" \/><\/figure>\n\n\n\n<p>O plen\u00e1rio Vereador Guilherme Gotelip Neto recebeu um grande n\u00famero de servidores p\u00fablicos na segunda-feira (22) para a realiza\u00e7\u00e3o de uma Reuni\u00e3o Extraordin\u00e1ria, com o objetivo de apreciar os Projetos de Lei n\u00ba 06\/2023 e 07\/2023, que tratam do Plano de Cargos e Sal\u00e1rios do Servidor P\u00fablico e do Plano de Carreira, Remunera\u00e7\u00e3o e Valoriza\u00e7\u00e3o dos Profissionais da Educa\u00e7\u00e3o.<\/p>\n\n\n\n<p>O presidente da C\u00e2mara Municipal de Arax\u00e1, vereador Bosco J\u00fanior, destacou o trabalho dos envolvidos na elabora\u00e7\u00e3o do texto: &#8220;Os projetos foram muito aguardados pelo funcionalismo p\u00fablico e contaram com a participa\u00e7\u00e3o un\u00e2nime dos vereadores, que se reuniram amplamente com os servidores e participaram ativamente dos debates&#8221;. Ele tamb\u00e9m agradeceu o esfor\u00e7o do Sindicato dos Servidores P\u00fablicos Municipais das Prefeituras, C\u00e2maras e Autarquias da Microrregi\u00e3o do Planalto de Arax\u00e1 (Sinplalto); secret\u00e1rios municipais; equipe jur\u00eddica da C\u00e2mara e da administra\u00e7\u00e3o municipal.<\/p>\n\n\n\n<p>No in\u00edcio da reuni\u00e3o, o relator da Comiss\u00e3o de Justi\u00e7a, Legisla\u00e7\u00e3o e Reda\u00e7\u00e3o Final, vereador Evaldo do Ferrocarril, fez a leitura de um relat\u00f3rio das comiss\u00f5es que avaliaram o projeto. A mat\u00e9ria tramitou simultaneamente em tr\u00eas comiss\u00f5es para dar agilidade ao processo: Comiss\u00e3o de Justi\u00e7a, Legisla\u00e7\u00e3o e Reda\u00e7\u00e3o Final; Comiss\u00e3o de Finan\u00e7as e Or\u00e7amento e Comiss\u00e3o de Educa\u00e7\u00e3o, Cultura, Sa\u00fade e Seguran\u00e7a.<\/p>\n\n\n\n<p>O primeiro projeto a ser apreciado foi o substitutivo ao Projeto de Lei 06\/2023, que &#8220;Disp\u00f5e sobre o Plano de Cargos e Sal\u00e1rios dos Servidores do Poder Executivo do Munic\u00edpio de Arax\u00e1 e d\u00e1 outras provid\u00eancias&#8221;, que foi aprovado por 14 votos a 0. O objetivo da mat\u00e9ria \u00e9 revisar o antigo plano, que com o passar dos anos, trouxe uma injusta redu\u00e7\u00e3o dos vencimentos de diversas categorias.<\/p>\n\n\n\n<p>O substitutivo ao Projeto de Lei 07\/2023, que &#8220;Disp\u00f5e sobre o Plano de Carreira, Remunera\u00e7\u00e3o e Valoriza\u00e7\u00e3o dos Profissionais da Educa\u00e7\u00e3o do Munic\u00edpio de Arax\u00e1 \u2013 MG&#8221;, foi apreciado com uma emenda modificativa e tamb\u00e9m foi aprovado por 14 votos a 0. Essa medida visa corrigir falhas, garantindo assim os direitos dos servidores da Educa\u00e7\u00e3o, em conson\u00e2ncia com o novo Plano de Cargos e Sal\u00e1rios proposto para o quadro geral.<\/p>\n\n\n\n<p>Os projetos receberam diversas sugest\u00f5es de emendas por parte dos servidores, sindicato e vereadores. De acordo com a equipe t\u00e9cnica da C\u00e2mara, o di\u00e1logo com o Executivo permitiu que, dentro do poss\u00edvel, a maioria dessas sugest\u00f5es fossem contempladas nos projetos substitutivos,<\/p>\n\n\n\n<p>As mat\u00e9rias aprovadas podem ser consultadas na \u00edntegra no site da C\u00e2mara:&nbsp;<a href=\"http:\/\/araxa.mg.leg.br\/\" target=\"_blank\" rel=\"noreferrer noopener\">araxa.mg.leg.br<\/a>.<\/p>\n","protected":false},"excerpt":{"rendered":"<p>O plen\u00e1rio Vereador Guilherme Gotelip Neto recebeu um grande n\u00famero de servidores p\u00fablicos na segunda-feira (22) para a realiza\u00e7\u00e3o de<\/p>\n","protected":false},"author":2,"featured_media":5192,"comment_status":"open","ping_status":"open","sticky":false,"template":"","format":"standard","meta":{"footnotes":""},"categories":[9,11],"tags":[],"class_list":["post-5191","post","type-post","status-publish","format-standard","has-post-thumbnail","hentry","category-araxa","category-destaques"],"_links":{"self":[{"href":"http:\/\/blogdoarmindomaia.com.br\/index.php?rest_route=\/wp\/v2\/posts\/5191","targetHints":{"allow":["GET"]}}],"collection":[{"href":"http:\/\/blogdoarmindomaia.com.br\/index.php?rest_route=\/wp\/v2\/posts"}],"about":[{"href":"http:\/\/blogdoarmindomaia.com.br\/index.php?rest_route=\/wp\/v2\/types\/post"}],"author":[{"embeddable":true,"href":"http:\/\/blogdoarmindomaia.com.br\/index.php?rest_route=\/wp\/v2\/users\/2"}],"replies":[{"embeddable":true,"href":"http:\/\/blogdoarmindomaia.com.br\/index.php?rest_route=%2Fwp%2Fv2%2Fcomments&post=5191"}],"version-history":[{"count":1,"href":"http:\/\/blogdoarmindomaia.com.br\/index.php?rest_route=\/wp\/v2\/posts\/5191\/revisions"}],"predecessor-version":[{"id":5194,"href":"http:\/\/blogdoarmindomaia.com.br\/index.php?rest_route=\/wp\/v2\/posts\/5191\/revisions\/5194"}],"wp:featuredmedia":[{"embeddable":true,"href":"http:\/\/blogdoarmindomaia.com.br\/index.php?rest_route=\/wp\/v2\/media\/5192"}],"wp:attachment":[{"href":"http:\/\/blogdoarmindomaia.com.br\/index.php?rest_route=%2Fwp%2Fv2%2Fmedia&parent=5191"}],"wp:term":[{"taxonomy":"category","embeddable":true,"href":"http:\/\/blogdoarmindomaia.com.br\/index.php?rest_route=%2Fwp%2Fv2%2Fcategories&post=5191"},{"taxonomy":"post_tag","embeddable":true,"href":"http:\/\/blogdoarmindomaia.com.br\/index.php?rest_route=%2Fwp%2Fv2%2Ftags&post=5191"}],"curies":[{"name":"wp","href":"https:\/\/api.w.org\/{rel}","templated":true}]}}