{"id":5206,"date":"2023-05-23T11:26:30","date_gmt":"2023-05-23T14:26:30","guid":{"rendered":"http:\/\/blogdoarmindomaia.com.br\/?p=5206"},"modified":"2023-05-23T11:26:32","modified_gmt":"2023-05-23T14:26:32","slug":"casa-de-nazare-recebe-doacoes-da-receita-federal","status":"publish","type":"post","link":"http:\/\/blogdoarmindomaia.com.br\/?p=5206","title":{"rendered":"\u00a0Casa de Nazar\u00e9 recebe doa\u00e7\u00f5es da Receita Federal"},"content":{"rendered":"\n<figure class=\"wp-block-image size-large is-style-default\"><img loading=\"lazy\" decoding=\"async\" width=\"1024\" height=\"768\" src=\"http:\/\/blogdoarmindomaia.com.br\/wp-content\/uploads\/2023\/05\/Casa-de-Nazare-recebe-doacoes-da-Receita-Federal-pag-07-1024x768.jpeg\" alt=\"\" class=\"wp-image-5207\" srcset=\"http:\/\/blogdoarmindomaia.com.br\/wp-content\/uploads\/2023\/05\/Casa-de-Nazare-recebe-doacoes-da-Receita-Federal-pag-07-1024x768.jpeg 1024w, http:\/\/blogdoarmindomaia.com.br\/wp-content\/uploads\/2023\/05\/Casa-de-Nazare-recebe-doacoes-da-Receita-Federal-pag-07-300x225.jpeg 300w, http:\/\/blogdoarmindomaia.com.br\/wp-content\/uploads\/2023\/05\/Casa-de-Nazare-recebe-doacoes-da-Receita-Federal-pag-07-768x576.jpeg 768w, http:\/\/blogdoarmindomaia.com.br\/wp-content\/uploads\/2023\/05\/Casa-de-Nazare-recebe-doacoes-da-Receita-Federal-pag-07-1536x1152.jpeg 1536w, http:\/\/blogdoarmindomaia.com.br\/wp-content\/uploads\/2023\/05\/Casa-de-Nazare-recebe-doacoes-da-Receita-Federal-pag-07.jpeg 1600w\" sizes=\"auto, (max-width: 1024px) 100vw, 1024px\" \/><\/figure>\n\n\n\n<p>A Ag\u00eancia da Receita Federal de Arax\u00e1 na \u00faltima ter\u00e7a-feira, dia 16,&nbsp; realizou a entrega das mercadorias apreendidas destinadas a institui\u00e7\u00e3o Casa de Nazar\u00e9 de Arax\u00e1, que recebeu cerca de 40 mil reais em doa\u00e7\u00f5es. Entre os itens, foram doados temos: celulares, ferro de passar roupa, vaporizadores e v\u00e1rios aparelhos eletr\u00f4nicos. A institui\u00e7\u00e3o participou de um processo de sele\u00e7\u00e3o, onde apresentou os documentos necess\u00e1rios, se tornando apta a receber as mercadorias. Outras institui\u00e7\u00f5es da cidade tamb\u00e9m participaram do processo seletivo e foram contempladas.<\/p>\n","protected":false},"excerpt":{"rendered":"<p>A Ag\u00eancia da Receita Federal de Arax\u00e1 na \u00faltima ter\u00e7a-feira, dia 16,&nbsp; realizou a entrega das mercadorias apreendidas destinadas a<\/p>\n","protected":false},"author":2,"featured_media":5207,"comment_status":"open","ping_status":"open","sticky":false,"template":"","format":"standard","meta":{"footnotes":""},"categories":[9,11],"tags":[],"class_list":["post-5206","post","type-post","status-publish","format-standard","has-post-thumbnail","hentry","category-araxa","category-destaques"],"_links":{"self":[{"href":"http:\/\/blogdoarmindomaia.com.br\/index.php?rest_route=\/wp\/v2\/posts\/5206","targetHints":{"allow":["GET"]}}],"collection":[{"href":"http:\/\/blogdoarmindomaia.com.br\/index.php?rest_route=\/wp\/v2\/posts"}],"about":[{"href":"http:\/\/blogdoarmindomaia.com.br\/index.php?rest_route=\/wp\/v2\/types\/post"}],"author":[{"embeddable":true,"href":"http:\/\/blogdoarmindomaia.com.br\/index.php?rest_route=\/wp\/v2\/users\/2"}],"replies":[{"embeddable":true,"href":"http:\/\/blogdoarmindomaia.com.br\/index.php?rest_route=%2Fwp%2Fv2%2Fcomments&post=5206"}],"version-history":[{"count":1,"href":"http:\/\/blogdoarmindomaia.com.br\/index.php?rest_route=\/wp\/v2\/posts\/5206\/revisions"}],"predecessor-version":[{"id":5208,"href":"http:\/\/blogdoarmindomaia.com.br\/index.php?rest_route=\/wp\/v2\/posts\/5206\/revisions\/5208"}],"wp:featuredmedia":[{"embeddable":true,"href":"http:\/\/blogdoarmindomaia.com.br\/index.php?rest_route=\/wp\/v2\/media\/5207"}],"wp:attachment":[{"href":"http:\/\/blogdoarmindomaia.com.br\/index.php?rest_route=%2Fwp%2Fv2%2Fmedia&parent=5206"}],"wp:term":[{"taxonomy":"category","embeddable":true,"href":"http:\/\/blogdoarmindomaia.com.br\/index.php?rest_route=%2Fwp%2Fv2%2Fcategories&post=5206"},{"taxonomy":"post_tag","embeddable":true,"href":"http:\/\/blogdoarmindomaia.com.br\/index.php?rest_route=%2Fwp%2Fv2%2Ftags&post=5206"}],"curies":[{"name":"wp","href":"https:\/\/api.w.org\/{rel}","templated":true}]}}