{"id":5209,"date":"2023-05-23T11:30:38","date_gmt":"2023-05-23T14:30:38","guid":{"rendered":"http:\/\/blogdoarmindomaia.com.br\/?p=5209"},"modified":"2023-05-23T11:30:41","modified_gmt":"2023-05-23T14:30:41","slug":"rua-joao-batista-fernandes-passou-a-ser-mao-unica","status":"publish","type":"post","link":"http:\/\/blogdoarmindomaia.com.br\/?p=5209","title":{"rendered":"Rua Jo\u00e3o Batista Fernandes passou a ser m\u00e3o \u00fanica"},"content":{"rendered":"\n<figure class=\"wp-block-image size-large is-style-default\"><img loading=\"lazy\" decoding=\"async\" width=\"1024\" height=\"610\" src=\"http:\/\/blogdoarmindomaia.com.br\/wp-content\/uploads\/2023\/05\/Rua-Joao-Batista-Fernandes-1024x610.jpeg\" alt=\"\" class=\"wp-image-5210\" srcset=\"http:\/\/blogdoarmindomaia.com.br\/wp-content\/uploads\/2023\/05\/Rua-Joao-Batista-Fernandes-1024x610.jpeg 1024w, http:\/\/blogdoarmindomaia.com.br\/wp-content\/uploads\/2023\/05\/Rua-Joao-Batista-Fernandes-300x179.jpeg 300w, http:\/\/blogdoarmindomaia.com.br\/wp-content\/uploads\/2023\/05\/Rua-Joao-Batista-Fernandes-768x458.jpeg 768w, http:\/\/blogdoarmindomaia.com.br\/wp-content\/uploads\/2023\/05\/Rua-Joao-Batista-Fernandes.jpeg 1086w\" sizes=\"auto, (max-width: 1024px) 100vw, 1024px\" \/><\/figure>\n\n\n\n<p>A Secretaria Municipal de Seguran\u00e7a P\u00fablica est\u00e1 informado que a rua Jo\u00e3o Batista Fernandes, na regi\u00e3o do bairro Jo\u00e3o Ribeiro, passou a ser totalmente m\u00e3o \u00fanica desde o \u00faltimo s\u00e1bado (13). A via compreende o trecho entre as avenidas Imbiara e Jo\u00e3o Paulo II e \u00e9 um dos principais acessos \u00e0 Unidade de Pronto Atendimento (UPA 24h) via Centro. Outras duas vias tamb\u00e9m ser\u00e3o alteradas para m\u00e3o \u00fanica. S\u00e3o as ruas Wantuir Batista da Costa e Celid\u00f4neo de Afonseca e Silva, que v\u00e3o ser recapeadas antes da mudan\u00e7a.<br><\/p>\n","protected":false},"excerpt":{"rendered":"<p>A Secretaria Municipal de Seguran\u00e7a P\u00fablica est\u00e1 informado que a rua Jo\u00e3o Batista Fernandes, na regi\u00e3o do bairro Jo\u00e3o Ribeiro,<\/p>\n","protected":false},"author":2,"featured_media":5210,"comment_status":"open","ping_status":"open","sticky":false,"template":"","format":"standard","meta":{"footnotes":""},"categories":[9,8],"tags":[],"class_list":["post-5209","post","type-post","status-publish","format-standard","has-post-thumbnail","hentry","category-araxa","category-cidades"],"_links":{"self":[{"href":"http:\/\/blogdoarmindomaia.com.br\/index.php?rest_route=\/wp\/v2\/posts\/5209","targetHints":{"allow":["GET"]}}],"collection":[{"href":"http:\/\/blogdoarmindomaia.com.br\/index.php?rest_route=\/wp\/v2\/posts"}],"about":[{"href":"http:\/\/blogdoarmindomaia.com.br\/index.php?rest_route=\/wp\/v2\/types\/post"}],"author":[{"embeddable":true,"href":"http:\/\/blogdoarmindomaia.com.br\/index.php?rest_route=\/wp\/v2\/users\/2"}],"replies":[{"embeddable":true,"href":"http:\/\/blogdoarmindomaia.com.br\/index.php?rest_route=%2Fwp%2Fv2%2Fcomments&post=5209"}],"version-history":[{"count":1,"href":"http:\/\/blogdoarmindomaia.com.br\/index.php?rest_route=\/wp\/v2\/posts\/5209\/revisions"}],"predecessor-version":[{"id":5211,"href":"http:\/\/blogdoarmindomaia.com.br\/index.php?rest_route=\/wp\/v2\/posts\/5209\/revisions\/5211"}],"wp:featuredmedia":[{"embeddable":true,"href":"http:\/\/blogdoarmindomaia.com.br\/index.php?rest_route=\/wp\/v2\/media\/5210"}],"wp:attachment":[{"href":"http:\/\/blogdoarmindomaia.com.br\/index.php?rest_route=%2Fwp%2Fv2%2Fmedia&parent=5209"}],"wp:term":[{"taxonomy":"category","embeddable":true,"href":"http:\/\/blogdoarmindomaia.com.br\/index.php?rest_route=%2Fwp%2Fv2%2Fcategories&post=5209"},{"taxonomy":"post_tag","embeddable":true,"href":"http:\/\/blogdoarmindomaia.com.br\/index.php?rest_route=%2Fwp%2Fv2%2Ftags&post=5209"}],"curies":[{"name":"wp","href":"https:\/\/api.w.org\/{rel}","templated":true}]}}