{"id":5213,"date":"2023-05-23T11:32:53","date_gmt":"2023-05-23T14:32:53","guid":{"rendered":"http:\/\/blogdoarmindomaia.com.br\/?p=5213"},"modified":"2023-05-23T11:32:55","modified_gmt":"2023-05-23T14:32:55","slug":"vacinacao-contra-a-gripe-e-ampliada-para-toda-a-populacao-em-araxa","status":"publish","type":"post","link":"http:\/\/blogdoarmindomaia.com.br\/?p=5213","title":{"rendered":"Vacina\u00e7\u00e3o contra a gripe \u00e9 ampliada para toda a popula\u00e7\u00e3o em Arax\u00e1"},"content":{"rendered":"\n<figure class=\"wp-block-image size-full is-style-default\"><img loading=\"lazy\" decoding=\"async\" width=\"1024\" height=\"683\" src=\"http:\/\/blogdoarmindomaia.com.br\/wp-content\/uploads\/2023\/05\/Vacinacao-contra-a-gripe-e-ampliada-para-toda-a-populacao-em-Araxa-pag-03.jpeg\" alt=\"\" class=\"wp-image-5214\" srcset=\"http:\/\/blogdoarmindomaia.com.br\/wp-content\/uploads\/2023\/05\/Vacinacao-contra-a-gripe-e-ampliada-para-toda-a-populacao-em-Araxa-pag-03.jpeg 1024w, http:\/\/blogdoarmindomaia.com.br\/wp-content\/uploads\/2023\/05\/Vacinacao-contra-a-gripe-e-ampliada-para-toda-a-populacao-em-Araxa-pag-03-300x200.jpeg 300w, http:\/\/blogdoarmindomaia.com.br\/wp-content\/uploads\/2023\/05\/Vacinacao-contra-a-gripe-e-ampliada-para-toda-a-populacao-em-Araxa-pag-03-768x512.jpeg 768w\" sizes=\"auto, (max-width: 1024px) 100vw, 1024px\" \/><\/figure>\n\n\n\n<p>A Secretaria Municipal de Sa\u00fade ampliou a Campanha de Vacina\u00e7\u00e3o Contra a Gripe para toda a popula\u00e7\u00e3o a partir de 6 meses de idade, enquanto durarem os estoques da vacina.<br><br>O objetivo \u00e9 prevenir o surgimento de complica\u00e7\u00f5es decorrentes da doen\u00e7a e, consequentemente, \u00f3bitos. A campanha come\u00e7ou no dia 4 de abril e a primeira etapa foi voltada ao p\u00fablico-alvo entre crian\u00e7as de 6 meses a quatro anos completos, trabalhadores da sa\u00fade, gestantes, pu\u00e9rperas, ind\u00edgenas e idosos.<br><br>Para receber o imunizante basta comparecer em uma das Unidades de Sa\u00fade participantes da campanha, apresentar um documento com foto, Cart\u00e3o de Vacina e Cart\u00e3o do SUS (se tiver).<br><br>Vale lembrar que o uso de m\u00e1scara em locais que ofere\u00e7am servi\u00e7os de sa\u00fade, como postos de vacina\u00e7\u00e3o, continua sendo obrigat\u00f3rio.<br><br><strong>Locais e hor\u00e1rios de vacina\u00e7\u00e3o<\/strong><br><br>&#8211; Unileste: 8h \u00e0s 16h;<br><br>&#8211; Uninorte: 8h \u00e0s 16h;<br><br>&#8211; Unicentro: 8h \u00e0s 16h (\u00e0s ter\u00e7as, das 8h \u00e0s 18h);<br><br>&#8211; Unisul: 8h \u00e0s 16h;<br><br>&#8211; Unisa: 8h \u00e0s 16h;<br><br>&#8211; Uninordeste: 8h \u00e0s 16h;<br><br>&#8211; ESF Max Neumann: 8h \u00e0s 16h;<\/p>\n","protected":false},"excerpt":{"rendered":"<p>A Secretaria Municipal de Sa\u00fade ampliou a Campanha de Vacina\u00e7\u00e3o Contra a Gripe para toda a popula\u00e7\u00e3o a partir de<\/p>\n","protected":false},"author":2,"featured_media":5214,"comment_status":"open","ping_status":"open","sticky":false,"template":"","format":"standard","meta":{"footnotes":""},"categories":[9,29],"tags":[],"class_list":["post-5213","post","type-post","status-publish","format-standard","has-post-thumbnail","hentry","category-araxa","category-saude"],"_links":{"self":[{"href":"http:\/\/blogdoarmindomaia.com.br\/index.php?rest_route=\/wp\/v2\/posts\/5213","targetHints":{"allow":["GET"]}}],"collection":[{"href":"http:\/\/blogdoarmindomaia.com.br\/index.php?rest_route=\/wp\/v2\/posts"}],"about":[{"href":"http:\/\/blogdoarmindomaia.com.br\/index.php?rest_route=\/wp\/v2\/types\/post"}],"author":[{"embeddable":true,"href":"http:\/\/blogdoarmindomaia.com.br\/index.php?rest_route=\/wp\/v2\/users\/2"}],"replies":[{"embeddable":true,"href":"http:\/\/blogdoarmindomaia.com.br\/index.php?rest_route=%2Fwp%2Fv2%2Fcomments&post=5213"}],"version-history":[{"count":1,"href":"http:\/\/blogdoarmindomaia.com.br\/index.php?rest_route=\/wp\/v2\/posts\/5213\/revisions"}],"predecessor-version":[{"id":5215,"href":"http:\/\/blogdoarmindomaia.com.br\/index.php?rest_route=\/wp\/v2\/posts\/5213\/revisions\/5215"}],"wp:featuredmedia":[{"embeddable":true,"href":"http:\/\/blogdoarmindomaia.com.br\/index.php?rest_route=\/wp\/v2\/media\/5214"}],"wp:attachment":[{"href":"http:\/\/blogdoarmindomaia.com.br\/index.php?rest_route=%2Fwp%2Fv2%2Fmedia&parent=5213"}],"wp:term":[{"taxonomy":"category","embeddable":true,"href":"http:\/\/blogdoarmindomaia.com.br\/index.php?rest_route=%2Fwp%2Fv2%2Fcategories&post=5213"},{"taxonomy":"post_tag","embeddable":true,"href":"http:\/\/blogdoarmindomaia.com.br\/index.php?rest_route=%2Fwp%2Fv2%2Ftags&post=5213"}],"curies":[{"name":"wp","href":"https:\/\/api.w.org\/{rel}","templated":true}]}}