{"id":5216,"date":"2023-05-23T11:35:33","date_gmt":"2023-05-23T14:35:33","guid":{"rendered":"http:\/\/blogdoarmindomaia.com.br\/?p=5216"},"modified":"2023-05-23T11:35:36","modified_gmt":"2023-05-23T14:35:36","slug":"mais-de-700-alunos-sao-atendidos-pela-educacao-de-jovens-e-adultos-em-araxa","status":"publish","type":"post","link":"http:\/\/blogdoarmindomaia.com.br\/?p=5216","title":{"rendered":"Mais de 700 alunos s\u00e3o atendidos pela Educa\u00e7\u00e3o de Jovens e Adultos em Arax\u00e1"},"content":{"rendered":"\n<figure class=\"wp-block-image size-full is-style-default\"><img loading=\"lazy\" decoding=\"async\" width=\"1024\" height=\"683\" src=\"http:\/\/blogdoarmindomaia.com.br\/wp-content\/uploads\/2023\/05\/EJA.jpeg\" alt=\"\" class=\"wp-image-5218\" srcset=\"http:\/\/blogdoarmindomaia.com.br\/wp-content\/uploads\/2023\/05\/EJA.jpeg 1024w, http:\/\/blogdoarmindomaia.com.br\/wp-content\/uploads\/2023\/05\/EJA-300x200.jpeg 300w, http:\/\/blogdoarmindomaia.com.br\/wp-content\/uploads\/2023\/05\/EJA-768x512.jpeg 768w\" sizes=\"auto, (max-width: 1024px) 100vw, 1024px\" \/><\/figure>\n\n\n\n<p>A Educa\u00e7\u00e3o de Jovens e Adultos (EJA) ofertada pela Prefeitura de Arax\u00e1 contempla 740 alunos matriculados em 2023, em seis unidades da Rede Municipal. As aulas s\u00e3o gratuitas e os estudantes recebem material did\u00e1tico, uniforme e alimenta\u00e7\u00e3o escolar, al\u00e9m de gratuidade no transporte p\u00fablico coletivo urbano. A EJA abrange os Ensinos Fundamental e M\u00e9dio, nas modalidades presencial e semipresencial.<br><br>De acordo com a secret\u00e1ria de Educa\u00e7\u00e3o, Zulma Moreira, entre as metas do Plano Municipal da Educa\u00e7\u00e3o (PME) est\u00e3o os desafios de elevar a escolaridade m\u00e9dia da popula\u00e7\u00e3o araxaense de 18 a 29 anos, bem como a taxa de alfabetiza\u00e7\u00e3o da popula\u00e7\u00e3o com 15 anos ou mais para 93,5% e, at\u00e9 o final de 2024, erradicar o analfabetismo absoluto e reduzir em 50% a taxa de analfabetismo funcional.<br><br>\u201cPara alcan\u00e7ar todas as metas \u00e9 necess\u00e1rio um esfor\u00e7o coletivo no intuito de garantir n\u00e3o apenas o acesso, mas tamb\u00e9m a perman\u00eancia e o sucesso do estudante, p\u00fablico da EJA. \u00c9 importante lembrar que o tempo para conclus\u00e3o de cada etapa da EJA depende do desenvolvimento do aluno\u201d, diz.<br><br>\u201cNa forma de oferta presencial, cada m\u00f3dulo tem a dura\u00e7\u00e3o de 6 meses. J\u00e1 na forma semipresencial, \u00e9 poss\u00edvel a conclus\u00e3o em qualquer \u00e9poca do ano, desde que aprovado em todos os m\u00f3dulos de todas as disciplinas\u201d, acrescenta a secret\u00e1ria.<br><br><strong>EJA &#8211; Ensino Fundamental<br><\/strong><br>&#8211; Escolas Agar de Affonseca e Silva (P\u00e3o de A\u00e7\u00facar 4); Alice Moura (Vila Silv\u00e9ria); Professora Auxiliadora Paiva (Boa Vista); Professora Leonilda Montadon (Caic \/ Urciano Lemos); Rom\u00e1lia Porf\u00edrio de Azevedo Leite (Max Neumann).<br><br><strong>EJA &#8211; Ensino M\u00e9dio<br><\/strong><br>&#8211; Centro de Estudos Supletivos (Cesu) Padre Evaristo Afonso, que fica nas instala\u00e7\u00f5es da Escola Municipal Dona Gabriela.<br><\/p>\n","protected":false},"excerpt":{"rendered":"<p>A Educa\u00e7\u00e3o de Jovens e Adultos (EJA) ofertada pela Prefeitura de Arax\u00e1 contempla 740 alunos matriculados em 2023, em seis<\/p>\n","protected":false},"author":2,"featured_media":5218,"comment_status":"open","ping_status":"open","sticky":false,"template":"","format":"standard","meta":{"footnotes":""},"categories":[9,13],"tags":[],"class_list":["post-5216","post","type-post","status-publish","format-standard","has-post-thumbnail","hentry","category-araxa","category-educacao"],"_links":{"self":[{"href":"http:\/\/blogdoarmindomaia.com.br\/index.php?rest_route=\/wp\/v2\/posts\/5216","targetHints":{"allow":["GET"]}}],"collection":[{"href":"http:\/\/blogdoarmindomaia.com.br\/index.php?rest_route=\/wp\/v2\/posts"}],"about":[{"href":"http:\/\/blogdoarmindomaia.com.br\/index.php?rest_route=\/wp\/v2\/types\/post"}],"author":[{"embeddable":true,"href":"http:\/\/blogdoarmindomaia.com.br\/index.php?rest_route=\/wp\/v2\/users\/2"}],"replies":[{"embeddable":true,"href":"http:\/\/blogdoarmindomaia.com.br\/index.php?rest_route=%2Fwp%2Fv2%2Fcomments&post=5216"}],"version-history":[{"count":1,"href":"http:\/\/blogdoarmindomaia.com.br\/index.php?rest_route=\/wp\/v2\/posts\/5216\/revisions"}],"predecessor-version":[{"id":5219,"href":"http:\/\/blogdoarmindomaia.com.br\/index.php?rest_route=\/wp\/v2\/posts\/5216\/revisions\/5219"}],"wp:featuredmedia":[{"embeddable":true,"href":"http:\/\/blogdoarmindomaia.com.br\/index.php?rest_route=\/wp\/v2\/media\/5218"}],"wp:attachment":[{"href":"http:\/\/blogdoarmindomaia.com.br\/index.php?rest_route=%2Fwp%2Fv2%2Fmedia&parent=5216"}],"wp:term":[{"taxonomy":"category","embeddable":true,"href":"http:\/\/blogdoarmindomaia.com.br\/index.php?rest_route=%2Fwp%2Fv2%2Fcategories&post=5216"},{"taxonomy":"post_tag","embeddable":true,"href":"http:\/\/blogdoarmindomaia.com.br\/index.php?rest_route=%2Fwp%2Fv2%2Ftags&post=5216"}],"curies":[{"name":"wp","href":"https:\/\/api.w.org\/{rel}","templated":true}]}}