{"id":5220,"date":"2023-05-24T14:21:49","date_gmt":"2023-05-24T17:21:49","guid":{"rendered":"http:\/\/blogdoarmindomaia.com.br\/?p=5220"},"modified":"2023-05-24T14:21:51","modified_gmt":"2023-05-24T17:21:51","slug":"prefeitura-no-bairro-tera-feirao-do-emprego-neste-sabado","status":"publish","type":"post","link":"http:\/\/blogdoarmindomaia.com.br\/?p=5220","title":{"rendered":"Prefeitura no Bairro ter\u00e1 Feir\u00e3o do Emprego neste s\u00e1bado"},"content":{"rendered":"\n<figure class=\"wp-block-image size-full is-style-default\"><img loading=\"lazy\" decoding=\"async\" width=\"1024\" height=\"683\" src=\"http:\/\/blogdoarmindomaia.com.br\/wp-content\/uploads\/2023\/05\/Com-mais-novidades-Prefeitura-no-Bairro-acontece-na-regiao-central-pag-06.jpg\" alt=\"\" class=\"wp-image-5221\" srcset=\"http:\/\/blogdoarmindomaia.com.br\/wp-content\/uploads\/2023\/05\/Com-mais-novidades-Prefeitura-no-Bairro-acontece-na-regiao-central-pag-06.jpg 1024w, http:\/\/blogdoarmindomaia.com.br\/wp-content\/uploads\/2023\/05\/Com-mais-novidades-Prefeitura-no-Bairro-acontece-na-regiao-central-pag-06-300x200.jpg 300w, http:\/\/blogdoarmindomaia.com.br\/wp-content\/uploads\/2023\/05\/Com-mais-novidades-Prefeitura-no-Bairro-acontece-na-regiao-central-pag-06-768x512.jpg 768w\" sizes=\"auto, (max-width: 1024px) 100vw, 1024px\" \/><\/figure>\n\n\n\n<p>O projeto Prefeitura no Bairro chega \u00e0 12\u00aa edi\u00e7\u00e3o com mais de 40 servi\u00e7os gratuitos. Desta vez, a grande novidade ser\u00e1 o \u201cFeir\u00e3o do Emprego\u201d, que oportunizar\u00e1 \u00e0 popula\u00e7\u00e3o a oferta de mais de 300 vagas por meio de participa\u00e7\u00e3o direta de empresas, al\u00e9m de estandes com cursos de qualifica\u00e7\u00e3o, espa\u00e7os para solucionar d\u00favidas e orienta\u00e7\u00e3o de carreira e levantamento do perfil.<br><br>O encontro com toda a estrutura administrativa da Prefeitura de Arax\u00e1 acontece no pr\u00f3ximo s\u00e1bado (27), das 8h \u00e0s 12h, na Escola Estadual Maria de Magalh\u00e3es &#8211; rua Pepurur\u00e9, n\u00b0 207 &#8211; Vila Rica. De acordo com o coordenador do Sistema Nacional de Emprego (Sine) de Arax\u00e1, Lu\u00eds Fl\u00e1vio de Melo, o &#8220;Feir\u00e3o do Emprego\u201d disponibilizar\u00e1 um espa\u00e7o para os empres\u00e1rios fazerem suas entrevistas de emprego em forma de mutir\u00e3o.<br><br>\u201cO mutir\u00e3o acontece com a uni\u00e3o de dezenas de empresas disponibilizando in\u00fameras classifica\u00e7\u00f5es diferentes, e conta com centenas de vagas que ser\u00e3o disponibilizadas em apenas um dia. Teremos locais de triagem, espa\u00e7o destinado \u00e0s empresas fazerem suas entrevistas, cursos de qualifica\u00e7\u00e3o e mais dois espa\u00e7os para o Sine solucionar d\u00favidas e tornar o atendimento mais t\u00e9cnico e din\u00e2mico. Al\u00e9m disso, junto com a Cl\u00ednica de Psicologia do Uniarax\u00e1, iremos ofertar tamb\u00e9m orienta\u00e7\u00e3o de carreira e levantamento de perfil\u201d, explica.<\/p>\n","protected":false},"excerpt":{"rendered":"<p>O projeto Prefeitura no Bairro chega \u00e0 12\u00aa edi\u00e7\u00e3o com mais de 40 servi\u00e7os gratuitos. Desta vez, a grande novidade<\/p>\n","protected":false},"author":2,"featured_media":5221,"comment_status":"open","ping_status":"open","sticky":false,"template":"","format":"standard","meta":{"footnotes":""},"categories":[9,11],"tags":[],"class_list":["post-5220","post","type-post","status-publish","format-standard","has-post-thumbnail","hentry","category-araxa","category-destaques"],"_links":{"self":[{"href":"http:\/\/blogdoarmindomaia.com.br\/index.php?rest_route=\/wp\/v2\/posts\/5220","targetHints":{"allow":["GET"]}}],"collection":[{"href":"http:\/\/blogdoarmindomaia.com.br\/index.php?rest_route=\/wp\/v2\/posts"}],"about":[{"href":"http:\/\/blogdoarmindomaia.com.br\/index.php?rest_route=\/wp\/v2\/types\/post"}],"author":[{"embeddable":true,"href":"http:\/\/blogdoarmindomaia.com.br\/index.php?rest_route=\/wp\/v2\/users\/2"}],"replies":[{"embeddable":true,"href":"http:\/\/blogdoarmindomaia.com.br\/index.php?rest_route=%2Fwp%2Fv2%2Fcomments&post=5220"}],"version-history":[{"count":1,"href":"http:\/\/blogdoarmindomaia.com.br\/index.php?rest_route=\/wp\/v2\/posts\/5220\/revisions"}],"predecessor-version":[{"id":5222,"href":"http:\/\/blogdoarmindomaia.com.br\/index.php?rest_route=\/wp\/v2\/posts\/5220\/revisions\/5222"}],"wp:featuredmedia":[{"embeddable":true,"href":"http:\/\/blogdoarmindomaia.com.br\/index.php?rest_route=\/wp\/v2\/media\/5221"}],"wp:attachment":[{"href":"http:\/\/blogdoarmindomaia.com.br\/index.php?rest_route=%2Fwp%2Fv2%2Fmedia&parent=5220"}],"wp:term":[{"taxonomy":"category","embeddable":true,"href":"http:\/\/blogdoarmindomaia.com.br\/index.php?rest_route=%2Fwp%2Fv2%2Fcategories&post=5220"},{"taxonomy":"post_tag","embeddable":true,"href":"http:\/\/blogdoarmindomaia.com.br\/index.php?rest_route=%2Fwp%2Fv2%2Ftags&post=5220"}],"curies":[{"name":"wp","href":"https:\/\/api.w.org\/{rel}","templated":true}]}}