{"id":5229,"date":"2023-05-25T14:26:42","date_gmt":"2023-05-25T17:26:42","guid":{"rendered":"http:\/\/blogdoarmindomaia.com.br\/?p=5229"},"modified":"2023-05-25T14:26:44","modified_gmt":"2023-05-25T17:26:44","slug":"semana-de-combate-ao-abuso-e-a-exploracao-sexual-infantojuvenil","status":"publish","type":"post","link":"http:\/\/blogdoarmindomaia.com.br\/?p=5229","title":{"rendered":"Semana de Combate ao Abuso e \u00e0 Explora\u00e7\u00e3o Sexual Infantojuvenil"},"content":{"rendered":"\n<figure class=\"wp-block-image size-full is-style-default\"><img loading=\"lazy\" decoding=\"async\" width=\"1024\" height=\"683\" src=\"http:\/\/blogdoarmindomaia.com.br\/wp-content\/uploads\/2023\/05\/Gincana-Faca-Bonito-10.jpeg\" alt=\"\" class=\"wp-image-5230\" srcset=\"http:\/\/blogdoarmindomaia.com.br\/wp-content\/uploads\/2023\/05\/Gincana-Faca-Bonito-10.jpeg 1024w, http:\/\/blogdoarmindomaia.com.br\/wp-content\/uploads\/2023\/05\/Gincana-Faca-Bonito-10-300x200.jpeg 300w, http:\/\/blogdoarmindomaia.com.br\/wp-content\/uploads\/2023\/05\/Gincana-Faca-Bonito-10-768x512.jpeg 768w\" sizes=\"auto, (max-width: 1024px) 100vw, 1024px\" \/><\/figure>\n\n\n\n<p>Mobilizar, sensibilizar, informar e convocar toda a sociedade a participar da defesa dos direitos de crian\u00e7as e adolescentes. Esse foi o objetivo das a\u00e7\u00f5es realizadas durante toda a semana em alus\u00e3o ao Dia Nacional de Combate ao Abuso e \u00e0 Explora\u00e7\u00e3o Sexual de Crian\u00e7as e Adolescentes, comemorado no dia 18 de maio.<br><br>A iniciativa \u00e9 resultado da parceria entre a Agenda Comum Intersetorial e a Prefeitura de Arax\u00e1, por meio da Secretaria Municipal de A\u00e7\u00e3o Social. Palestras com o tema \u201cFa\u00e7a Bonito &#8211; Prevenir todas as formas de viol\u00eancia infantojuvenil\u201d e blitze educativa foram algumas das a\u00e7\u00f5es de conscientiza\u00e7\u00e3o realizadas ao longo da semana.<br><br>O encerramento da programa\u00e7\u00e3o ficou por conta de uma garotada animada, presente na 4\u00aa Edi\u00e7\u00e3o da Gincana \u201cFa\u00e7a Bonito\u201d, realizada na tarde desta sexta-feira (19), no Centro de Refer\u00eancia da Assist\u00eancia Social (CRAS) do bairro Aboli\u00e7\u00e3o.<br><br>A divers\u00e3o foi garantida com muita pipoca, pintura no rosto e pela disputa entre a equipe ganhadora, laranja e a equipe amarela, que marcaram placar em brincadeiras como \u201cOvo na colher\u201d, \u201cCarrinho de m\u00e3o\u201d, \u201cCorrida do Saco\u201d, \u201cDan\u00e7a da cadeira\u201d entre outras. O evento contou ainda com o apoio da Secretaria Municipal de Esportes e com o Instituto das Artes e Movimento (Movart).<br><\/p>\n","protected":false},"excerpt":{"rendered":"<p>Mobilizar, sensibilizar, informar e convocar toda a sociedade a participar da defesa dos direitos de crian\u00e7as e adolescentes. Esse foi<\/p>\n","protected":false},"author":2,"featured_media":5230,"comment_status":"open","ping_status":"open","sticky":false,"template":"","format":"standard","meta":{"footnotes":""},"categories":[9,11],"tags":[],"class_list":["post-5229","post","type-post","status-publish","format-standard","has-post-thumbnail","hentry","category-araxa","category-destaques"],"_links":{"self":[{"href":"http:\/\/blogdoarmindomaia.com.br\/index.php?rest_route=\/wp\/v2\/posts\/5229","targetHints":{"allow":["GET"]}}],"collection":[{"href":"http:\/\/blogdoarmindomaia.com.br\/index.php?rest_route=\/wp\/v2\/posts"}],"about":[{"href":"http:\/\/blogdoarmindomaia.com.br\/index.php?rest_route=\/wp\/v2\/types\/post"}],"author":[{"embeddable":true,"href":"http:\/\/blogdoarmindomaia.com.br\/index.php?rest_route=\/wp\/v2\/users\/2"}],"replies":[{"embeddable":true,"href":"http:\/\/blogdoarmindomaia.com.br\/index.php?rest_route=%2Fwp%2Fv2%2Fcomments&post=5229"}],"version-history":[{"count":1,"href":"http:\/\/blogdoarmindomaia.com.br\/index.php?rest_route=\/wp\/v2\/posts\/5229\/revisions"}],"predecessor-version":[{"id":5231,"href":"http:\/\/blogdoarmindomaia.com.br\/index.php?rest_route=\/wp\/v2\/posts\/5229\/revisions\/5231"}],"wp:featuredmedia":[{"embeddable":true,"href":"http:\/\/blogdoarmindomaia.com.br\/index.php?rest_route=\/wp\/v2\/media\/5230"}],"wp:attachment":[{"href":"http:\/\/blogdoarmindomaia.com.br\/index.php?rest_route=%2Fwp%2Fv2%2Fmedia&parent=5229"}],"wp:term":[{"taxonomy":"category","embeddable":true,"href":"http:\/\/blogdoarmindomaia.com.br\/index.php?rest_route=%2Fwp%2Fv2%2Fcategories&post=5229"},{"taxonomy":"post_tag","embeddable":true,"href":"http:\/\/blogdoarmindomaia.com.br\/index.php?rest_route=%2Fwp%2Fv2%2Ftags&post=5229"}],"curies":[{"name":"wp","href":"https:\/\/api.w.org\/{rel}","templated":true}]}}