{"id":5232,"date":"2023-05-25T14:40:30","date_gmt":"2023-05-25T17:40:30","guid":{"rendered":"http:\/\/blogdoarmindomaia.com.br\/?p=5232"},"modified":"2023-05-25T14:40:33","modified_gmt":"2023-05-25T17:40:33","slug":"ganso-esta-credenciado-para-disputar-a-segundona-mineira","status":"publish","type":"post","link":"http:\/\/blogdoarmindomaia.com.br\/?p=5232","title":{"rendered":"Ganso est\u00e1 credenciado para disputar a Segundona Mineira"},"content":{"rendered":"\n<figure class=\"wp-block-image size-full is-style-default\"><img loading=\"lazy\" decoding=\"async\" width=\"1024\" height=\"683\" src=\"http:\/\/blogdoarmindomaia.com.br\/wp-content\/uploads\/2023\/05\/Ganso-esta-credenciado-para-disputar-a-Segundona-Mineira-esportes.jpg\" alt=\"\" class=\"wp-image-5233\" srcset=\"http:\/\/blogdoarmindomaia.com.br\/wp-content\/uploads\/2023\/05\/Ganso-esta-credenciado-para-disputar-a-Segundona-Mineira-esportes.jpg 1024w, http:\/\/blogdoarmindomaia.com.br\/wp-content\/uploads\/2023\/05\/Ganso-esta-credenciado-para-disputar-a-Segundona-Mineira-esportes-300x200.jpg 300w, http:\/\/blogdoarmindomaia.com.br\/wp-content\/uploads\/2023\/05\/Ganso-esta-credenciado-para-disputar-a-Segundona-Mineira-esportes-768x512.jpg 768w\" sizes=\"auto, (max-width: 1024px) 100vw, 1024px\" \/><\/figure>\n\n\n\n<p>Agora \u00e9 oficial! O Arax\u00e1 Esporte Clube vai mesmo participar do Conselho T\u00e9cnico do&nbsp; Campeonato Mineiro da Segunda Divis\u00e3o que ser\u00e1 realizado nesta sexta feira a tarde, dia 26 de maio na sede da Federa\u00e7\u00e3o Mineira de Futebol em Belo Horizonte. A confirma\u00e7\u00e3o foi repassada na noite da \u00faltima ter\u00e7a feira pelo presidente do Clube S\u00edlvio Alves, que informou ter recebido nota oficial&nbsp; da Federa\u00e7\u00e3o Mineira de Futebol, credenciando a participa\u00e7\u00e3o do Ganso&nbsp; no Campeonato Mineiro da Segunda Divis\u00e3o de 2023, previsto para ter in\u00edcio no segundo semestre deste ano.<\/p>\n\n\n\n<p>A reuni\u00e3o do Conselho Arbitral desta sexta-feira, ser\u00e1 via remoto e nela ser\u00e3o decididos datas, tabela de jogos e os clubes participantes. A Federa\u00e7\u00e3o Mineira de Futebol garantiu que est\u00e3o aptos a participar do Arbitral, 23 clubes; entre eles, o Arax\u00e1 Esporte, Uberaba, Nacional, Mamor\u00e9, Inter de S\u00e3o Gotardo entre outros. &nbsp;&nbsp;&nbsp;oriznte&nbsp; &nbsp;<\/p>\n","protected":false},"excerpt":{"rendered":"<p>Agora \u00e9 oficial! O Arax\u00e1 Esporte Clube vai mesmo participar do Conselho T\u00e9cnico do&nbsp; Campeonato Mineiro da Segunda Divis\u00e3o que<\/p>\n","protected":false},"author":2,"featured_media":5233,"comment_status":"open","ping_status":"open","sticky":false,"template":"","format":"standard","meta":{"footnotes":""},"categories":[9,11,15],"tags":[],"class_list":["post-5232","post","type-post","status-publish","format-standard","has-post-thumbnail","hentry","category-araxa","category-destaques","category-esportes"],"_links":{"self":[{"href":"http:\/\/blogdoarmindomaia.com.br\/index.php?rest_route=\/wp\/v2\/posts\/5232","targetHints":{"allow":["GET"]}}],"collection":[{"href":"http:\/\/blogdoarmindomaia.com.br\/index.php?rest_route=\/wp\/v2\/posts"}],"about":[{"href":"http:\/\/blogdoarmindomaia.com.br\/index.php?rest_route=\/wp\/v2\/types\/post"}],"author":[{"embeddable":true,"href":"http:\/\/blogdoarmindomaia.com.br\/index.php?rest_route=\/wp\/v2\/users\/2"}],"replies":[{"embeddable":true,"href":"http:\/\/blogdoarmindomaia.com.br\/index.php?rest_route=%2Fwp%2Fv2%2Fcomments&post=5232"}],"version-history":[{"count":1,"href":"http:\/\/blogdoarmindomaia.com.br\/index.php?rest_route=\/wp\/v2\/posts\/5232\/revisions"}],"predecessor-version":[{"id":5234,"href":"http:\/\/blogdoarmindomaia.com.br\/index.php?rest_route=\/wp\/v2\/posts\/5232\/revisions\/5234"}],"wp:featuredmedia":[{"embeddable":true,"href":"http:\/\/blogdoarmindomaia.com.br\/index.php?rest_route=\/wp\/v2\/media\/5233"}],"wp:attachment":[{"href":"http:\/\/blogdoarmindomaia.com.br\/index.php?rest_route=%2Fwp%2Fv2%2Fmedia&parent=5232"}],"wp:term":[{"taxonomy":"category","embeddable":true,"href":"http:\/\/blogdoarmindomaia.com.br\/index.php?rest_route=%2Fwp%2Fv2%2Fcategories&post=5232"},{"taxonomy":"post_tag","embeddable":true,"href":"http:\/\/blogdoarmindomaia.com.br\/index.php?rest_route=%2Fwp%2Fv2%2Ftags&post=5232"}],"curies":[{"name":"wp","href":"https:\/\/api.w.org\/{rel}","templated":true}]}}