{"id":5241,"date":"2023-05-25T14:54:49","date_gmt":"2023-05-25T17:54:49","guid":{"rendered":"http:\/\/blogdoarmindomaia.com.br\/?p=5241"},"modified":"2023-05-25T14:54:51","modified_gmt":"2023-05-25T17:54:51","slug":"com-mais-novidades-prefeitura-no-bairro-acontece-na-regiao-central","status":"publish","type":"post","link":"http:\/\/blogdoarmindomaia.com.br\/?p=5241","title":{"rendered":"Com mais novidades, Prefeitura no Bairro acontece na regi\u00e3o central"},"content":{"rendered":"\n<figure class=\"wp-block-image size-full is-style-default\"><img loading=\"lazy\" decoding=\"async\" width=\"1024\" height=\"683\" src=\"http:\/\/blogdoarmindomaia.com.br\/wp-content\/uploads\/2023\/05\/Com-mais-novidades-Prefeitura-no-Bairro-acontece-na-regiao-central-pag-06-1.jpg\" alt=\"\" class=\"wp-image-5242\" srcset=\"http:\/\/blogdoarmindomaia.com.br\/wp-content\/uploads\/2023\/05\/Com-mais-novidades-Prefeitura-no-Bairro-acontece-na-regiao-central-pag-06-1.jpg 1024w, http:\/\/blogdoarmindomaia.com.br\/wp-content\/uploads\/2023\/05\/Com-mais-novidades-Prefeitura-no-Bairro-acontece-na-regiao-central-pag-06-1-300x200.jpg 300w, http:\/\/blogdoarmindomaia.com.br\/wp-content\/uploads\/2023\/05\/Com-mais-novidades-Prefeitura-no-Bairro-acontece-na-regiao-central-pag-06-1-768x512.jpg 768w\" sizes=\"auto, (max-width: 1024px) 100vw, 1024px\" \/><\/figure>\n\n\n\n<p>O projeto Prefeitura no Bairro chega \u00e0 12\u00aa edi\u00e7\u00e3o com mais de 40 servi\u00e7os gratuitos para a popula\u00e7\u00e3o. Desta vez, as atividades v\u00e3o ser voltadas para moradores da regi\u00e3o central da cidade que poder\u00e3o tirar d\u00favidas, sugerir e reivindicar a\u00e7\u00f5es. O encontro, que ter\u00e1 novidades a partir desta edi\u00e7\u00e3o, acontece no pr\u00f3ximo s\u00e1bado (27), das 8h \u00e0s 12h, na Escola Estadual Maria de Magalh\u00e3es &#8211; R. Pepurure, n\u00b0 207 &#8211; Vila Rica.<br><br>O evento ofertar\u00e1 vacina\u00e7\u00e3o adulta e infantil, assist\u00eancia e acesso a programas sociais e abertura de empresas, exame de acuidade visual, conta\u00e7\u00e3o de hist\u00f3rias infantis, solicita\u00e7\u00e3o por servi\u00e7os urbanos e orienta\u00e7\u00e3o sobre IPTU, oportunidades de emprego, al\u00e9m de estandes com cursos de qualifica\u00e7\u00e3o e espa\u00e7os para orienta\u00e7\u00e3o de carreira.<br><br>\u201cNesta edi\u00e7\u00e3o teremos muitas novidades nas \u00e1reas do trabalho, emprego e qualifica\u00e7\u00e3o profissional, que oportunizar\u00e1 para a popula\u00e7\u00e3o mais benef\u00edcios diretos. Toda estrutura administrativa da Prefeitura de Arax\u00e1 estar\u00e1 dispon\u00edvel ao cidad\u00e3o\u201d, destaca o coordenador do projeto, Saulo Aguiar.<br><br>O projeto conta com atendimentos nas \u00e1reas de A\u00e7\u00e3o Social, Sa\u00fade, Direitos Humanos, Acolhimento \u00e0 Mulher, Habita\u00e7\u00e3o, Trabalho e Emprego, Meio Ambiente, Educa\u00e7\u00e3o, Cidadania, Infraestrutura, Agricultura e Pecu\u00e1ria, Esporte, Lazer, Cultura e Seguran\u00e7a. O Gabinete do Prefeito e a Secretaria de Governo tamb\u00e9m estar\u00e3o \u00e0 disposi\u00e7\u00e3o para receber as demandas da popula\u00e7\u00e3o.<br>Servi\u00e7o<br><br><strong>12\u00aa Edi\u00e7\u00e3o Prefeitura no Bairro<br><\/strong><br>Local: Escola Estadual Maria de Magalh\u00e3es<br>Dia e hor\u00e1rio: 27 de maio (s\u00e1bado), das 8h \u00e0s 12h<br>Endere\u00e7o: &#8211; Rua Pepurure, n\u00b0 207 &#8211; Vila Rica.<br><\/p>\n","protected":false},"excerpt":{"rendered":"<p>O projeto Prefeitura no Bairro chega \u00e0 12\u00aa edi\u00e7\u00e3o com mais de 40 servi\u00e7os gratuitos para a popula\u00e7\u00e3o. Desta vez,<\/p>\n","protected":false},"author":2,"featured_media":5242,"comment_status":"open","ping_status":"open","sticky":false,"template":"","format":"standard","meta":{"footnotes":""},"categories":[9,11],"tags":[],"class_list":["post-5241","post","type-post","status-publish","format-standard","has-post-thumbnail","hentry","category-araxa","category-destaques"],"_links":{"self":[{"href":"http:\/\/blogdoarmindomaia.com.br\/index.php?rest_route=\/wp\/v2\/posts\/5241","targetHints":{"allow":["GET"]}}],"collection":[{"href":"http:\/\/blogdoarmindomaia.com.br\/index.php?rest_route=\/wp\/v2\/posts"}],"about":[{"href":"http:\/\/blogdoarmindomaia.com.br\/index.php?rest_route=\/wp\/v2\/types\/post"}],"author":[{"embeddable":true,"href":"http:\/\/blogdoarmindomaia.com.br\/index.php?rest_route=\/wp\/v2\/users\/2"}],"replies":[{"embeddable":true,"href":"http:\/\/blogdoarmindomaia.com.br\/index.php?rest_route=%2Fwp%2Fv2%2Fcomments&post=5241"}],"version-history":[{"count":1,"href":"http:\/\/blogdoarmindomaia.com.br\/index.php?rest_route=\/wp\/v2\/posts\/5241\/revisions"}],"predecessor-version":[{"id":5243,"href":"http:\/\/blogdoarmindomaia.com.br\/index.php?rest_route=\/wp\/v2\/posts\/5241\/revisions\/5243"}],"wp:featuredmedia":[{"embeddable":true,"href":"http:\/\/blogdoarmindomaia.com.br\/index.php?rest_route=\/wp\/v2\/media\/5242"}],"wp:attachment":[{"href":"http:\/\/blogdoarmindomaia.com.br\/index.php?rest_route=%2Fwp%2Fv2%2Fmedia&parent=5241"}],"wp:term":[{"taxonomy":"category","embeddable":true,"href":"http:\/\/blogdoarmindomaia.com.br\/index.php?rest_route=%2Fwp%2Fv2%2Fcategories&post=5241"},{"taxonomy":"post_tag","embeddable":true,"href":"http:\/\/blogdoarmindomaia.com.br\/index.php?rest_route=%2Fwp%2Fv2%2Ftags&post=5241"}],"curies":[{"name":"wp","href":"https:\/\/api.w.org\/{rel}","templated":true}]}}