{"id":5251,"date":"2023-05-26T11:26:13","date_gmt":"2023-05-26T14:26:13","guid":{"rendered":"http:\/\/blogdoarmindomaia.com.br\/?p=5251"},"modified":"2023-05-26T11:26:15","modified_gmt":"2023-05-26T14:26:15","slug":"vitor-versol-gravam-dvd-com-participacoes-especiais","status":"publish","type":"post","link":"http:\/\/blogdoarmindomaia.com.br\/?p=5251","title":{"rendered":"Vitor &amp; Versol gravam DVD com participa\u00e7\u00f5es especiais"},"content":{"rendered":"\n<figure class=\"wp-block-image size-large is-style-default\"><img loading=\"lazy\" decoding=\"async\" width=\"914\" height=\"1024\" src=\"http:\/\/blogdoarmindomaia.com.br\/wp-content\/uploads\/2023\/05\/vitoreversol_2023-914x1024.jpg\" alt=\"\" class=\"wp-image-5252\" srcset=\"http:\/\/blogdoarmindomaia.com.br\/wp-content\/uploads\/2023\/05\/vitoreversol_2023-914x1024.jpg 914w, http:\/\/blogdoarmindomaia.com.br\/wp-content\/uploads\/2023\/05\/vitoreversol_2023-268x300.jpg 268w, http:\/\/blogdoarmindomaia.com.br\/wp-content\/uploads\/2023\/05\/vitoreversol_2023-768x860.jpg 768w, http:\/\/blogdoarmindomaia.com.br\/wp-content\/uploads\/2023\/05\/vitoreversol_2023.jpg 1000w\" sizes=\"auto, (max-width: 914px) 100vw, 914px\" \/><\/figure>\n\n\n\n<p>A cidade de Arax\u00e1 (MG) est\u00e1 prestes a se tornar palco de um grande momento da m\u00fasica sertaneja. No pr\u00f3ximo dia 30 de maio, a dupla mineira Vitor &amp; Versol volta a sua cidade natal para gravar o segundo DVD intitulado &#8220;At\u00e9 a \u00faltima gota&#8221;, que marca uma nova fase na carreira. \u201cEsse DVD \u00e9 um resumo da nossa hist\u00f3ria, do nosso sentimento e fala muito bem aonde queremos chegar. A gente sente que n\u00e3o \u00e9 mais um sonho s\u00f3 do Vitor e do Versol. \u00c9 o sonho de muita gente, da nossa fam\u00edlia, da nossa equipe e de quem gosta do nosso trabalho\u201d, comenta Versol. Com uma trajet\u00f3ria ascendente e talento ineg\u00e1vel, Vitor &amp; Versol t\u00eam conquistado espa\u00e7o no cen\u00e1rio sertanejo. Seus shows envolventes e letras marcantes, j\u00e1 conhecidas do grande p\u00fablico, t\u00eam cativado cada vez mais admiradores, tornando-os uma das duplas mais promissoras do g\u00eanero. \u201cAcho que o segredo \u00e9 levar verdade no nosso trabalho. A gente ama o que faz, gostamos de todo o processo, desde a composi\u00e7\u00e3o das m\u00fasicas a dividir a emo\u00e7\u00e3o delas com nosso p\u00fablico. \u00c9 tudo sempre m\u00e1gico\u201d, diz Vitor. O local escolhido para a grava\u00e7\u00e3o do DVD n\u00e3o poderia ser mais apropriado. A cidade de Arax\u00e1, onde Vitor e Versol nasceram, j\u00e1 presenteou o pa\u00eds com grandes nomes da m\u00fasica sertaneja e receber\u00e1 a dupla em um evento que promete ser inesquec\u00edvel. O local escolhido para a apresenta\u00e7\u00e3o \u00e9 o Espa\u00e7o Floratta, que tem uma estrutura moderna e clima intimista. Os f\u00e3s podem esperar um show repleto de energia e emo\u00e7\u00e3o, marca registrada de Vitor &amp; Versol e dos convidados da noite. O DVD contar\u00e1 com a participa\u00e7\u00e3o especial de nomes como Thales Lessa, Fred &amp; Fabr\u00edcio e Z\u00e9 Ricardo &amp; Thiago.<\/p>\n","protected":false},"excerpt":{"rendered":"<p>A cidade de Arax\u00e1 (MG) est\u00e1 prestes a se tornar palco de um grande momento da m\u00fasica sertaneja. No pr\u00f3ximo<\/p>\n","protected":false},"author":2,"featured_media":5252,"comment_status":"open","ping_status":"open","sticky":false,"template":"","format":"standard","meta":{"footnotes":""},"categories":[9,11],"tags":[],"class_list":["post-5251","post","type-post","status-publish","format-standard","has-post-thumbnail","hentry","category-araxa","category-destaques"],"_links":{"self":[{"href":"http:\/\/blogdoarmindomaia.com.br\/index.php?rest_route=\/wp\/v2\/posts\/5251","targetHints":{"allow":["GET"]}}],"collection":[{"href":"http:\/\/blogdoarmindomaia.com.br\/index.php?rest_route=\/wp\/v2\/posts"}],"about":[{"href":"http:\/\/blogdoarmindomaia.com.br\/index.php?rest_route=\/wp\/v2\/types\/post"}],"author":[{"embeddable":true,"href":"http:\/\/blogdoarmindomaia.com.br\/index.php?rest_route=\/wp\/v2\/users\/2"}],"replies":[{"embeddable":true,"href":"http:\/\/blogdoarmindomaia.com.br\/index.php?rest_route=%2Fwp%2Fv2%2Fcomments&post=5251"}],"version-history":[{"count":1,"href":"http:\/\/blogdoarmindomaia.com.br\/index.php?rest_route=\/wp\/v2\/posts\/5251\/revisions"}],"predecessor-version":[{"id":5253,"href":"http:\/\/blogdoarmindomaia.com.br\/index.php?rest_route=\/wp\/v2\/posts\/5251\/revisions\/5253"}],"wp:featuredmedia":[{"embeddable":true,"href":"http:\/\/blogdoarmindomaia.com.br\/index.php?rest_route=\/wp\/v2\/media\/5252"}],"wp:attachment":[{"href":"http:\/\/blogdoarmindomaia.com.br\/index.php?rest_route=%2Fwp%2Fv2%2Fmedia&parent=5251"}],"wp:term":[{"taxonomy":"category","embeddable":true,"href":"http:\/\/blogdoarmindomaia.com.br\/index.php?rest_route=%2Fwp%2Fv2%2Fcategories&post=5251"},{"taxonomy":"post_tag","embeddable":true,"href":"http:\/\/blogdoarmindomaia.com.br\/index.php?rest_route=%2Fwp%2Fv2%2Ftags&post=5251"}],"curies":[{"name":"wp","href":"https:\/\/api.w.org\/{rel}","templated":true}]}}