{"id":5254,"date":"2023-05-26T11:30:14","date_gmt":"2023-05-26T14:30:14","guid":{"rendered":"http:\/\/blogdoarmindomaia.com.br\/?p=5254"},"modified":"2023-05-26T11:30:17","modified_gmt":"2023-05-26T14:30:17","slug":"leis-de-valorizacao-dos-servidores-da-prefeitura-vao-fomentar-r-45-milhoes-na-economia-de-araxa","status":"publish","type":"post","link":"http:\/\/blogdoarmindomaia.com.br\/?p=5254","title":{"rendered":"Leis de valoriza\u00e7\u00e3o dos servidores da Prefeitura v\u00e3o fomentar R$ 45 milh\u00f5es na economia de Arax\u00e1"},"content":{"rendered":"\n<figure class=\"wp-block-image size-full is-style-default\"><img loading=\"lazy\" decoding=\"async\" width=\"1024\" height=\"683\" src=\"http:\/\/blogdoarmindomaia.com.br\/wp-content\/uploads\/2023\/05\/Leis-de-valorizacao-dos-servidores-da-Prefeitura-vao-fomentar-R-45-milhoes-pag-07.jpeg\" alt=\"\" class=\"wp-image-5255\" srcset=\"http:\/\/blogdoarmindomaia.com.br\/wp-content\/uploads\/2023\/05\/Leis-de-valorizacao-dos-servidores-da-Prefeitura-vao-fomentar-R-45-milhoes-pag-07.jpeg 1024w, http:\/\/blogdoarmindomaia.com.br\/wp-content\/uploads\/2023\/05\/Leis-de-valorizacao-dos-servidores-da-Prefeitura-vao-fomentar-R-45-milhoes-pag-07-300x200.jpeg 300w, http:\/\/blogdoarmindomaia.com.br\/wp-content\/uploads\/2023\/05\/Leis-de-valorizacao-dos-servidores-da-Prefeitura-vao-fomentar-R-45-milhoes-pag-07-768x512.jpeg 768w\" sizes=\"auto, (max-width: 1024px) 100vw, 1024px\" \/><\/figure>\n\n\n\n<p>Mais um dia hist\u00f3rico para o funcionalismo p\u00fablico araxaense! Ap\u00f3s mais de 30 anos de reivindica\u00e7\u00f5es, a Administra\u00e7\u00e3o Municipal implantou o novo Plano de Cargos e Sal\u00e1rios dos Servidores do Quadro Geral da Prefeitura de Arax\u00e1, e o Plano de Carreira, Remunera\u00e7\u00e3o e Valoriza\u00e7\u00e3o dos Profissionais da Educa\u00e7\u00e3o.<br><br>O prefeito Robson Magela sancionou as novas legisla\u00e7\u00f5es que corrigem distor\u00e7\u00f5es, atualizam e garantem direitos dos servidores que estavam previstos desde 1990, mas nunca haviam sido aplicados. Ao todo, os benef\u00edcios concedidos aos quase 5 mil funcion\u00e1rios p\u00fablicos da Prefeitura ir\u00e3o movimentar cerca de R$ 45 milh\u00f5es anualmente na economia local.<br><br>A solenidade de assinatura das novas legisla\u00e7\u00f5es foi realizada na sede do Poder Executivo, nesta quarta-feira (24). Al\u00e9m do prefeito Robson Magela, a cerim\u00f4nia contou com a presen\u00e7a de centenas de servidores p\u00fablicos, secret\u00e1rios municipais, dos vereadores Bosco J\u00fanior (presidente da C\u00e2mara), Evaldo do Ferrocarril, Jo\u00e3o Veras, Jairinho Borges e Alexandre dos Irm\u00e3os Paula, e da diretoria do Sindicato dos Servidores P\u00fablicos Municipais de Arax\u00e1 e Regi\u00e3o (Sinplalto).<br><br>A constru\u00e7\u00e3o dos projetos teve o trabalho realizado de forma conjunta pela Procuradoria Geral do Munic\u00edpio, Secretaria Municipal de Educa\u00e7\u00e3o, Secretaria Municipal de Fazenda, Planejamento e Gest\u00e3o, C\u00e2mara Municipal e o Sinplalto.<br><br>O prefeito Robson Magela destaca que os servidores p\u00fablicos s\u00e3o os que fazem a cidade funcionar e que essa valoriza\u00e7\u00e3o financeira ir\u00e1 retornar para toda a popula\u00e7\u00e3o.<br><br>\u201cHoje \u00e9 um dia hist\u00f3rico para Arax\u00e1. Essa atualiza\u00e7\u00e3o e, principalmente, a implanta\u00e7\u00e3o efetiva dos benef\u00edcios ser\u00e3o mais uma a\u00e7\u00e3o da gest\u00e3o que demonstra o nosso trabalho de valoriza\u00e7\u00e3o do servidor, uma valoriza\u00e7\u00e3o financeira que ir\u00e1 movimentar toda a economia da cidade. Isso quer dizer que os servidores p\u00fablicos v\u00e3o ter a oportunidade de comprar algo melhor para seus filhos, para suas casas, v\u00e3o fazer com que a nossa economia gire. E com a economia girando, automaticamente vai gerar mais emprego, mais renda e mais conforto para as fam\u00edlias de Arax\u00e1\u201d, ressalta.<br><br>Servidora da Prefeitura de Arax\u00e1 h\u00e1 mais de 30 anos, a professora Cida Campos conta sobre a felicidade de estar realizando um sonho antigo. \u201cEu me sinto imensamente feliz por estar aqui, porque em 1992 eu estava junto com a comiss\u00e3o que lutava pelo Plano de Carreira. E ver que hoje aquela luta valeu a pena \u00e9 muito especial, \u00e9 muito gratificante. Ent\u00e3o, eu agrade\u00e7o imensamente a esta gest\u00e3o, \u00e0 Prefeitura Municipal de Arax\u00e1, em nome de todos os servidores que concretizaram esse momento t\u00e3o importante\u201d, diz.<br><br>De acordo com o presidente da C\u00e2mara Municipal Arax\u00e1, vereador Bosco J\u00fanior, a implementa\u00e7\u00e3o desses projetos trar\u00e1 benef\u00edcios significativos para os servidores, garantindo uma estrutura mais justa e transparente.<br><br><br>O presidente do Sinplalto, Hely Aires, destaca que as duas legisla\u00e7\u00f5es foram amplamente debatidas antes da aprova\u00e7\u00e3o na C\u00e2mara e que se tratam de um marco hist\u00f3rico na cidade.<\/p>\n","protected":false},"excerpt":{"rendered":"<p>Mais um dia hist\u00f3rico para o funcionalismo p\u00fablico araxaense! Ap\u00f3s mais de 30 anos de reivindica\u00e7\u00f5es, a Administra\u00e7\u00e3o Municipal implantou<\/p>\n","protected":false},"author":2,"featured_media":5255,"comment_status":"open","ping_status":"open","sticky":false,"template":"","format":"standard","meta":{"footnotes":""},"categories":[9,11],"tags":[],"class_list":["post-5254","post","type-post","status-publish","format-standard","has-post-thumbnail","hentry","category-araxa","category-destaques"],"_links":{"self":[{"href":"http:\/\/blogdoarmindomaia.com.br\/index.php?rest_route=\/wp\/v2\/posts\/5254","targetHints":{"allow":["GET"]}}],"collection":[{"href":"http:\/\/blogdoarmindomaia.com.br\/index.php?rest_route=\/wp\/v2\/posts"}],"about":[{"href":"http:\/\/blogdoarmindomaia.com.br\/index.php?rest_route=\/wp\/v2\/types\/post"}],"author":[{"embeddable":true,"href":"http:\/\/blogdoarmindomaia.com.br\/index.php?rest_route=\/wp\/v2\/users\/2"}],"replies":[{"embeddable":true,"href":"http:\/\/blogdoarmindomaia.com.br\/index.php?rest_route=%2Fwp%2Fv2%2Fcomments&post=5254"}],"version-history":[{"count":1,"href":"http:\/\/blogdoarmindomaia.com.br\/index.php?rest_route=\/wp\/v2\/posts\/5254\/revisions"}],"predecessor-version":[{"id":5256,"href":"http:\/\/blogdoarmindomaia.com.br\/index.php?rest_route=\/wp\/v2\/posts\/5254\/revisions\/5256"}],"wp:featuredmedia":[{"embeddable":true,"href":"http:\/\/blogdoarmindomaia.com.br\/index.php?rest_route=\/wp\/v2\/media\/5255"}],"wp:attachment":[{"href":"http:\/\/blogdoarmindomaia.com.br\/index.php?rest_route=%2Fwp%2Fv2%2Fmedia&parent=5254"}],"wp:term":[{"taxonomy":"category","embeddable":true,"href":"http:\/\/blogdoarmindomaia.com.br\/index.php?rest_route=%2Fwp%2Fv2%2Fcategories&post=5254"},{"taxonomy":"post_tag","embeddable":true,"href":"http:\/\/blogdoarmindomaia.com.br\/index.php?rest_route=%2Fwp%2Fv2%2Ftags&post=5254"}],"curies":[{"name":"wp","href":"https:\/\/api.w.org\/{rel}","templated":true}]}}