{"id":5258,"date":"2023-05-29T14:17:41","date_gmt":"2023-05-29T17:17:41","guid":{"rendered":"http:\/\/blogdoarmindomaia.com.br\/?p=5258"},"modified":"2023-05-29T14:17:44","modified_gmt":"2023-05-29T17:17:44","slug":"prefeitura-no-bairro-destaca-feirao-do-emprego-e-melhorias-o-centro-de-araxa","status":"publish","type":"post","link":"http:\/\/blogdoarmindomaia.com.br\/?p=5258","title":{"rendered":"Prefeitura no Bairro destaca Feir\u00e3o do Emprego e melhorias o centro de Arax\u00e1"},"content":{"rendered":"\n<figure class=\"wp-block-image size-full is-resized is-style-default\"><img loading=\"lazy\" decoding=\"async\" src=\"http:\/\/blogdoarmindomaia.com.br\/wp-content\/uploads\/2023\/05\/prefeitura-no-bairro-10.jpg\" alt=\"\" class=\"wp-image-5259\" width=\"1024\" height=\"683\" srcset=\"http:\/\/blogdoarmindomaia.com.br\/wp-content\/uploads\/2023\/05\/prefeitura-no-bairro-10.jpg 1024w, http:\/\/blogdoarmindomaia.com.br\/wp-content\/uploads\/2023\/05\/prefeitura-no-bairro-10-300x200.jpg 300w, http:\/\/blogdoarmindomaia.com.br\/wp-content\/uploads\/2023\/05\/prefeitura-no-bairro-10-768x512.jpg 768w\" sizes=\"auto, (max-width: 1024px) 100vw, 1024px\" \/><\/figure>\n\n\n\n<figure class=\"wp-block-image size-full is-style-default\"><img loading=\"lazy\" decoding=\"async\" width=\"1024\" height=\"683\" src=\"http:\/\/blogdoarmindomaia.com.br\/wp-content\/uploads\/2023\/05\/prefeitura-no-bairro-17.jpg\" alt=\"\" class=\"wp-image-5260\" srcset=\"http:\/\/blogdoarmindomaia.com.br\/wp-content\/uploads\/2023\/05\/prefeitura-no-bairro-17.jpg 1024w, http:\/\/blogdoarmindomaia.com.br\/wp-content\/uploads\/2023\/05\/prefeitura-no-bairro-17-300x200.jpg 300w, http:\/\/blogdoarmindomaia.com.br\/wp-content\/uploads\/2023\/05\/prefeitura-no-bairro-17-768x512.jpg 768w\" sizes=\"auto, (max-width: 1024px) 100vw, 1024px\" \/><\/figure>\n\n\n\n<figure class=\"wp-block-image size-full is-style-default\"><img loading=\"lazy\" decoding=\"async\" width=\"1024\" height=\"683\" src=\"http:\/\/blogdoarmindomaia.com.br\/wp-content\/uploads\/2023\/05\/prefeitura-no-bairro-27.jpg\" alt=\"\" class=\"wp-image-5261\" srcset=\"http:\/\/blogdoarmindomaia.com.br\/wp-content\/uploads\/2023\/05\/prefeitura-no-bairro-27.jpg 1024w, http:\/\/blogdoarmindomaia.com.br\/wp-content\/uploads\/2023\/05\/prefeitura-no-bairro-27-300x200.jpg 300w, http:\/\/blogdoarmindomaia.com.br\/wp-content\/uploads\/2023\/05\/prefeitura-no-bairro-27-768x512.jpg 768w\" sizes=\"auto, (max-width: 1024px) 100vw, 1024px\" \/><\/figure>\n\n\n\n<figure class=\"wp-block-image size-full is-style-default\"><img loading=\"lazy\" decoding=\"async\" width=\"1024\" height=\"683\" src=\"http:\/\/blogdoarmindomaia.com.br\/wp-content\/uploads\/2023\/05\/prefeitura-no-bairro-30.jpg\" alt=\"\" class=\"wp-image-5262\" srcset=\"http:\/\/blogdoarmindomaia.com.br\/wp-content\/uploads\/2023\/05\/prefeitura-no-bairro-30.jpg 1024w, http:\/\/blogdoarmindomaia.com.br\/wp-content\/uploads\/2023\/05\/prefeitura-no-bairro-30-300x200.jpg 300w, http:\/\/blogdoarmindomaia.com.br\/wp-content\/uploads\/2023\/05\/prefeitura-no-bairro-30-768x512.jpg 768w\" sizes=\"auto, (max-width: 1024px) 100vw, 1024px\" \/><\/figure>\n\n\n\n<p>Um Governo mais pr\u00f3ximo da popula\u00e7\u00e3o! Mais de 40 servi\u00e7os gratuitos, Feir\u00e3o do Emprego, atendimentos de sa\u00fade e batalha de rap estiveram entre os destaques da 12\u00aa edi\u00e7\u00e3o do projeto Prefeitura no Bairro. O evento recebeu mais de 1.000 pessoas durante a manh\u00e3 do \u00faltimo s\u00e1bado (27), na Escola Estadual Maria de Magalh\u00e3es, na Regi\u00e3o Central da cidade. Durante a oportunidade, a escola tamb\u00e9m foi homenageada pelos 58 anos de hist\u00f3ria.<br><br>A a\u00e7\u00e3o uniu atividades de sa\u00fade, cultura, educa\u00e7\u00e3o, entretenimento, meio ambiente, seguran\u00e7a, esporte, trabalho e emprego, uma iniciativa que torna mais eficiente as estrat\u00e9gias de atendimento da gest\u00e3o p\u00fablica. O evento tamb\u00e9m ofereceu o Feir\u00e3o do Emprego, iniciativa que teve como objetivo oportunizar para a popula\u00e7\u00e3o a participa\u00e7\u00e3o direta de empresas com vagas abertas, al\u00e9m de estandes com cursos de qualifica\u00e7\u00e3o. Foram ofertadas mais de 300 vagas por meio de empresas parceiras.<br><br>Durante o seu pronunciamento, o prefeito Robson Magela parabenizou a Escola Estadual Maria de Magalh\u00e3es pelos seus 58 anos de exist\u00eancia e refor\u00e7ou a sua import\u00e2ncia para a cidade. Na oportunidade, ele destacou tamb\u00e9m as melhorias que a Administra\u00e7\u00e3o P\u00fablica est\u00e1 realizando na Regi\u00e3o Central da cidade, como a constru\u00e7\u00e3o da Pra\u00e7a da Banheira, a duplica\u00e7\u00e3o da avenida H\u00edtalo Ros, amplia\u00e7\u00e3o da Creche Dona Petrosa e toda a sinaliza\u00e7\u00e3o e implanta\u00e7\u00e3o de sem\u00e1foros digitais na avenida Senador Montandon.<br><br>\u201cMais uma edi\u00e7\u00e3o do Prefeitura no Bairro. Desta vez, tivemos como novidade o Feir\u00e3o do Emprego, que ofereceu centenas de vagas. Isso mostra que a nossa economia est\u00e1 alavancando e oferecendo cada vez mais emprego e mais renda para as fam\u00edlias araxaenses. E o projeto cumpre justamente esse intuito de escutar as reivindica\u00e7\u00f5es dos moradores e facilitar o acesso aos servi\u00e7os da prefeitura\u201d, ressalta o prefeito.<br><br><br><\/p>\n","protected":false},"excerpt":{"rendered":"<p>Um Governo mais pr\u00f3ximo da popula\u00e7\u00e3o! Mais de 40 servi\u00e7os gratuitos, Feir\u00e3o do Emprego, atendimentos de sa\u00fade e batalha de<\/p>\n","protected":false},"author":2,"featured_media":5259,"comment_status":"open","ping_status":"open","sticky":false,"template":"","format":"standard","meta":{"footnotes":""},"categories":[9,11],"tags":[],"class_list":["post-5258","post","type-post","status-publish","format-standard","has-post-thumbnail","hentry","category-araxa","category-destaques"],"_links":{"self":[{"href":"http:\/\/blogdoarmindomaia.com.br\/index.php?rest_route=\/wp\/v2\/posts\/5258","targetHints":{"allow":["GET"]}}],"collection":[{"href":"http:\/\/blogdoarmindomaia.com.br\/index.php?rest_route=\/wp\/v2\/posts"}],"about":[{"href":"http:\/\/blogdoarmindomaia.com.br\/index.php?rest_route=\/wp\/v2\/types\/post"}],"author":[{"embeddable":true,"href":"http:\/\/blogdoarmindomaia.com.br\/index.php?rest_route=\/wp\/v2\/users\/2"}],"replies":[{"embeddable":true,"href":"http:\/\/blogdoarmindomaia.com.br\/index.php?rest_route=%2Fwp%2Fv2%2Fcomments&post=5258"}],"version-history":[{"count":1,"href":"http:\/\/blogdoarmindomaia.com.br\/index.php?rest_route=\/wp\/v2\/posts\/5258\/revisions"}],"predecessor-version":[{"id":5263,"href":"http:\/\/blogdoarmindomaia.com.br\/index.php?rest_route=\/wp\/v2\/posts\/5258\/revisions\/5263"}],"wp:featuredmedia":[{"embeddable":true,"href":"http:\/\/blogdoarmindomaia.com.br\/index.php?rest_route=\/wp\/v2\/media\/5259"}],"wp:attachment":[{"href":"http:\/\/blogdoarmindomaia.com.br\/index.php?rest_route=%2Fwp%2Fv2%2Fmedia&parent=5258"}],"wp:term":[{"taxonomy":"category","embeddable":true,"href":"http:\/\/blogdoarmindomaia.com.br\/index.php?rest_route=%2Fwp%2Fv2%2Fcategories&post=5258"},{"taxonomy":"post_tag","embeddable":true,"href":"http:\/\/blogdoarmindomaia.com.br\/index.php?rest_route=%2Fwp%2Fv2%2Ftags&post=5258"}],"curies":[{"name":"wp","href":"https:\/\/api.w.org\/{rel}","templated":true}]}}