{"id":5267,"date":"2023-05-29T14:31:43","date_gmt":"2023-05-29T17:31:43","guid":{"rendered":"http:\/\/blogdoarmindomaia.com.br\/?p=5267"},"modified":"2023-05-29T14:31:45","modified_gmt":"2023-05-29T17:31:45","slug":"semana-municipal-de-adocao-destaca-fortalecimento-de-lacos-na-formacao-do-vinculo-familiar","status":"publish","type":"post","link":"http:\/\/blogdoarmindomaia.com.br\/?p=5267","title":{"rendered":"Semana Municipal de Ado\u00e7\u00e3o destaca fortalecimento de la\u00e7os na forma\u00e7\u00e3o do v\u00ednculo familiar"},"content":{"rendered":"\n<figure class=\"wp-block-image size-full is-style-default\"><img loading=\"lazy\" decoding=\"async\" width=\"1024\" height=\"683\" src=\"http:\/\/blogdoarmindomaia.com.br\/wp-content\/uploads\/2023\/05\/Semana-Municipal-de-Adocao-destaca-fortalecimento-de-lacos-pag-08.jpeg\" alt=\"\" class=\"wp-image-5268\" srcset=\"http:\/\/blogdoarmindomaia.com.br\/wp-content\/uploads\/2023\/05\/Semana-Municipal-de-Adocao-destaca-fortalecimento-de-lacos-pag-08.jpeg 1024w, http:\/\/blogdoarmindomaia.com.br\/wp-content\/uploads\/2023\/05\/Semana-Municipal-de-Adocao-destaca-fortalecimento-de-lacos-pag-08-300x200.jpeg 300w, http:\/\/blogdoarmindomaia.com.br\/wp-content\/uploads\/2023\/05\/Semana-Municipal-de-Adocao-destaca-fortalecimento-de-lacos-pag-08-768x512.jpeg 768w\" sizes=\"auto, (max-width: 1024px) 100vw, 1024px\" \/><\/figure>\n\n\n\n<p>O Grupo de Apoio \u00e0 Ado\u00e7\u00e3o Aquecendo Vidas promoveu mais uma s\u00e9rie de a\u00e7\u00f5es em comemora\u00e7\u00e3o \u00e0 Semana Municipal de Incentivo \u00e0 Ado\u00e7\u00e3o de Crian\u00e7as e Adolescentes, que foi&nbsp;&nbsp;institu\u00edda pela Lei Municipal 7.214\/2017 de autoria do vereador Raphael Rios.<\/p>\n\n\n\n<p>Na manh\u00e3 desta quinta-feira (25), foi promovido um circuito de palestras com os temas: \u201cLa\u00e7os legais: abordando aspectos jur\u00eddicos da ado\u00e7\u00e3o com ternura e responsabilidade\u201d; \u201cLa\u00e7os de esperan\u00e7a: fortalecendo la\u00e7os e construindo v\u00ednculos no Grupo de Apoio \u00e0 Ado\u00e7\u00e3o\u201d; \u201cLa\u00e7os de Apoio: desvendando os aspectos da entrega legal, apadrinhamento e acolhimento familiar.\u201d<\/p>\n\n\n\n<p>Outras a\u00e7\u00f5es internas foram realizadas na semana que antecedeu o dia 25 de maio, quando \u00e9 celebrado nacionalmente o Dia da Ado\u00e7\u00e3o. A\u00e7\u00f5es que envolveram fam\u00edlias pretendentes e que aguardam na fila da ado\u00e7\u00e3o, e tamb\u00e9m com as fam\u00edlias que j\u00e1 passaram pelo processo e conquistaram o direito de adotar. As a\u00e7\u00f5es tamb\u00e9m inclu\u00edram palestras voltadas para o p\u00fabico jovem com o tema \u201cAtitude adotiva\u201d.<\/p>\n\n\n\n<p>A presidente do Grupo Aquecendo Vidas, Cristiane Mirza, afirma que a Lei Municipal 7.214\/2017 possibilitou um marco municipal para tratar do tema. \u201cEntre v\u00e1rias atividades, o objetivo da quest\u00e3o da ado\u00e7\u00e3o \u00e9 mobilizar, sensibilizar e capacitar todos os atores que est\u00e3o \u00e0 frente desta rede.\u201d Ela destaca ainda que o circuito de palestras \u00e9 uma oportunidade que o Grupo Aquecendo Vidas tem de apresentar \u00e0 comunidade todo servi\u00e7o que \u00e9 realizado em favor da ado\u00e7\u00e3o no munic\u00edpio.<\/p>\n\n\n\n<p>A equipe do Aquecendo Vidas participar\u00e1 tamb\u00e9m do Projeto Prefeitura no Bairro que ser\u00e1 realizado na regi\u00e3o central neste final de semana, com atendimentos na Escola Estadual Maria de Magalh\u00e3es, neste s\u00e1bado (27). A equipe estar\u00e1 dispon\u00edvel para esclarecer d\u00favidas da popula\u00e7\u00e3o sobre o tema e atender demandas relacionadas \u00e0 ado\u00e7\u00e3o.<\/p>\n","protected":false},"excerpt":{"rendered":"<p>O Grupo de Apoio \u00e0 Ado\u00e7\u00e3o Aquecendo Vidas promoveu mais uma s\u00e9rie de a\u00e7\u00f5es em comemora\u00e7\u00e3o \u00e0 Semana Municipal de<\/p>\n","protected":false},"author":2,"featured_media":5268,"comment_status":"open","ping_status":"open","sticky":false,"template":"","format":"standard","meta":{"footnotes":""},"categories":[9,11],"tags":[],"class_list":["post-5267","post","type-post","status-publish","format-standard","has-post-thumbnail","hentry","category-araxa","category-destaques"],"_links":{"self":[{"href":"http:\/\/blogdoarmindomaia.com.br\/index.php?rest_route=\/wp\/v2\/posts\/5267","targetHints":{"allow":["GET"]}}],"collection":[{"href":"http:\/\/blogdoarmindomaia.com.br\/index.php?rest_route=\/wp\/v2\/posts"}],"about":[{"href":"http:\/\/blogdoarmindomaia.com.br\/index.php?rest_route=\/wp\/v2\/types\/post"}],"author":[{"embeddable":true,"href":"http:\/\/blogdoarmindomaia.com.br\/index.php?rest_route=\/wp\/v2\/users\/2"}],"replies":[{"embeddable":true,"href":"http:\/\/blogdoarmindomaia.com.br\/index.php?rest_route=%2Fwp%2Fv2%2Fcomments&post=5267"}],"version-history":[{"count":1,"href":"http:\/\/blogdoarmindomaia.com.br\/index.php?rest_route=\/wp\/v2\/posts\/5267\/revisions"}],"predecessor-version":[{"id":5269,"href":"http:\/\/blogdoarmindomaia.com.br\/index.php?rest_route=\/wp\/v2\/posts\/5267\/revisions\/5269"}],"wp:featuredmedia":[{"embeddable":true,"href":"http:\/\/blogdoarmindomaia.com.br\/index.php?rest_route=\/wp\/v2\/media\/5268"}],"wp:attachment":[{"href":"http:\/\/blogdoarmindomaia.com.br\/index.php?rest_route=%2Fwp%2Fv2%2Fmedia&parent=5267"}],"wp:term":[{"taxonomy":"category","embeddable":true,"href":"http:\/\/blogdoarmindomaia.com.br\/index.php?rest_route=%2Fwp%2Fv2%2Fcategories&post=5267"},{"taxonomy":"post_tag","embeddable":true,"href":"http:\/\/blogdoarmindomaia.com.br\/index.php?rest_route=%2Fwp%2Fv2%2Ftags&post=5267"}],"curies":[{"name":"wp","href":"https:\/\/api.w.org\/{rel}","templated":true}]}}