{"id":527,"date":"2022-04-29T19:47:53","date_gmt":"2022-04-29T22:47:53","guid":{"rendered":"http:\/\/blogdoarmindomaia.com.br\/?p=527"},"modified":"2022-04-29T19:47:55","modified_gmt":"2022-04-29T22:47:55","slug":"coluna-do-luis-borges-2","status":"publish","type":"post","link":"http:\/\/blogdoarmindomaia.com.br\/?p=527","title":{"rendered":"Coluna do Luis Borges:"},"content":{"rendered":"\n<figure class=\"wp-block-image size-full is-style-default\"><img loading=\"lazy\" decoding=\"async\" width=\"203\" height=\"219\" src=\"http:\/\/blogdoarmindomaia.com.br\/wp-content\/uploads\/2022\/04\/Luis-Borges-1.jpg\" alt=\"\" class=\"wp-image-528\"\/><\/figure>\n\n\n\n<p><strong>O \u00faltimo frango assado do supermercado<\/strong> por\u00a0<a rel=\"noreferrer noopener\" href=\"http:\/\/observacaoeanalise.com.br\/author\/observa\/\" target=\"_blank\">Luis Borges<\/a>\u00a0,\u00a0\u00a028 de abril de 2022\u00a0\u00a0<a rel=\"noreferrer noopener\" href=\"http:\/\/observacaoeanalise.com.br\/root\/?cat=8\" target=\"_blank\">Pensata<\/a><\/p>\n\n\n\n<hr class=\"wp-block-separator\"\/>\n\n\n\n<p>Conversar sobre o cotidiano geralmente faz parte da pauta de muita gente diante de uma oportunidade que surge espontaneamente ou induzida por algu\u00e9m que precisa falar por n\u00e3o aguentar guardar s\u00f3 para si o que aconteceu.<\/p>\n\n\n\n<p>\u00c9 interessante refletir e saber se posicionar diante de acontecimentos que surgem do nada e nos surpreende ao nos colocar, no m\u00ednimo, como figurantes numa determinada cena. Conforme as consequ\u00eancias e desdobramentos, d\u00e1 at\u00e9 para ser classificado como testemunha integral ou parcial do ocorrido.<\/p>\n\n\n\n<p>Nesse sentido, vale a pena relembrar o que aconteceu no domingo de P\u00e1scoa, dia 17 de Abril, num supermercado da zona norte de Belo Horizonte mais especificamente na regi\u00e3o da Pampulha.<\/p>\n\n\n\n<p>Um rapaz aparentando idade em torno dos 30 anos entrou no supermercado por volta do meio-dia. Seu foco era na compra de um frango assado para o almo\u00e7o com a fam\u00edlia em fun\u00e7\u00e3o da passagem da P\u00e1scoa, com sonhos e prop\u00f3sitos de mudan\u00e7as para melhor, tanto em casa quanto na sociedade.<\/p>\n\n\n\n<p>Ele foi rapidamente para o local de venda e l\u00e1 foi surpreendido por uma cena inimagin\u00e1vel em andamento. Um senhor e uma senhora, ambos na faixa dos 65 anos, batiam boca numa disputa para definir qual dos dois consumidores teria o direito de comprar o \u00faltimo frango assado do supermercado dispon\u00edvel naquela hora do dia.<\/p>\n\n\n\n<p>O senhor dizia que chegou primeiro e, na r\u00e9plica, a senhora falou que viu o frango primeiro e que n\u00e3o admitia sair de l\u00e1 sem ele. Diante da radicaliza\u00e7\u00e3o entre as partes em conflito, o rapaz acionou rapidamente o gerente, que imediatamente chegou ao setor.<\/p>\n\n\n\n<p>Ele iniciou a tentativa de media\u00e7\u00e3o entre os dois clientes explicando que o supermercado foi surpreendido por uma procura muito al\u00e9m da meta de vendas para aquele domingo. A senhora retrucou dizendo que n\u00e3o tinha nada a ver com o erro no estabelecimento da meta e que n\u00e3o abria m\u00e3o do seu direito de comprar e levar o frango assado para casa, ainda mais que era o domingo de P\u00e1scoa. O gerente olhou para o senhor como que a dizer \u201cme ajuda a\u00ed \u201c. Enquanto isso alguns clientes iam chegando ao local e se posicionavam para aguardar a solu\u00e7\u00e3o do problema.<\/p>\n\n\n\n<p>Inesperadamente, o senhor disse que abriria m\u00e3o do frango para que o impasse fosse resolvido e terminasse o constrangimento gerado pela situa\u00e7\u00e3o, apesar do seu direito por ter chegado primeiro ao local.<\/p>\n\n\n\n<p>Ent\u00e3o, cada participante tomou seu rumo dentro do supermercado com a pequena plateia se desfazendo e a senhora com o seu precioso frango assado, mas mantendo um discreto ar de triunfo pelo resultado alcan\u00e7ado.<\/p>\n\n\n\n<p>Por outro lado, o rapaz que chamou o gerente deixou o local e foi fazer a sua compra numa pequena mercearia a seis quarteir\u00f5es dali e que tinha disponibilidade para entrega imediata. Ao chegar em casa, come\u00e7ou a contar para todos o que havia acontecido.<\/p>\n\n\n\n<p>Voc\u00ea j\u00e1 presenciou ou foi parte de acontecimentos desse tipo, na P\u00e1scoa ou fora dela?<\/p>\n","protected":false},"excerpt":{"rendered":"<p>O \u00faltimo frango assado do supermercado por\u00a0Luis Borges\u00a0,\u00a0\u00a028 de abril de 2022\u00a0\u00a0Pensata Conversar sobre o cotidiano geralmente faz parte da<\/p>\n","protected":false},"author":2,"featured_media":528,"comment_status":"open","ping_status":"open","sticky":false,"template":"","format":"standard","meta":{"footnotes":""},"categories":[23],"tags":[],"class_list":["post-527","post","type-post","status-publish","format-standard","has-post-thumbnail","hentry","category-opiniao"],"_links":{"self":[{"href":"http:\/\/blogdoarmindomaia.com.br\/index.php?rest_route=\/wp\/v2\/posts\/527","targetHints":{"allow":["GET"]}}],"collection":[{"href":"http:\/\/blogdoarmindomaia.com.br\/index.php?rest_route=\/wp\/v2\/posts"}],"about":[{"href":"http:\/\/blogdoarmindomaia.com.br\/index.php?rest_route=\/wp\/v2\/types\/post"}],"author":[{"embeddable":true,"href":"http:\/\/blogdoarmindomaia.com.br\/index.php?rest_route=\/wp\/v2\/users\/2"}],"replies":[{"embeddable":true,"href":"http:\/\/blogdoarmindomaia.com.br\/index.php?rest_route=%2Fwp%2Fv2%2Fcomments&post=527"}],"version-history":[{"count":1,"href":"http:\/\/blogdoarmindomaia.com.br\/index.php?rest_route=\/wp\/v2\/posts\/527\/revisions"}],"predecessor-version":[{"id":529,"href":"http:\/\/blogdoarmindomaia.com.br\/index.php?rest_route=\/wp\/v2\/posts\/527\/revisions\/529"}],"wp:featuredmedia":[{"embeddable":true,"href":"http:\/\/blogdoarmindomaia.com.br\/index.php?rest_route=\/wp\/v2\/media\/528"}],"wp:attachment":[{"href":"http:\/\/blogdoarmindomaia.com.br\/index.php?rest_route=%2Fwp%2Fv2%2Fmedia&parent=527"}],"wp:term":[{"taxonomy":"category","embeddable":true,"href":"http:\/\/blogdoarmindomaia.com.br\/index.php?rest_route=%2Fwp%2Fv2%2Fcategories&post=527"},{"taxonomy":"post_tag","embeddable":true,"href":"http:\/\/blogdoarmindomaia.com.br\/index.php?rest_route=%2Fwp%2Fv2%2Ftags&post=527"}],"curies":[{"name":"wp","href":"https:\/\/api.w.org\/{rel}","templated":true}]}}