{"id":5273,"date":"2023-05-29T15:12:17","date_gmt":"2023-05-29T18:12:17","guid":{"rendered":"http:\/\/blogdoarmindomaia.com.br\/?p=5273"},"modified":"2023-05-29T15:12:19","modified_gmt":"2023-05-29T18:12:19","slug":"joao-bosco-e-orquestra-ouro-preto-em-araxa","status":"publish","type":"post","link":"http:\/\/blogdoarmindomaia.com.br\/?p=5273","title":{"rendered":"Jo\u00e3o Bosco e Orquestra Ouro Preto em Arax\u00e1"},"content":{"rendered":"\n<figure class=\"wp-block-image size-large is-style-default\"><img loading=\"lazy\" decoding=\"async\" width=\"1024\" height=\"684\" src=\"http:\/\/blogdoarmindomaia.com.br\/wp-content\/uploads\/2023\/05\/Joao-Bosco-e-Orquestra-Ouro-Preto-em-Araxa-pag-05-1024x684.jpg\" alt=\"\" class=\"wp-image-5274\" srcset=\"http:\/\/blogdoarmindomaia.com.br\/wp-content\/uploads\/2023\/05\/Joao-Bosco-e-Orquestra-Ouro-Preto-em-Araxa-pag-05-1024x684.jpg 1024w, http:\/\/blogdoarmindomaia.com.br\/wp-content\/uploads\/2023\/05\/Joao-Bosco-e-Orquestra-Ouro-Preto-em-Araxa-pag-05-300x200.jpg 300w, http:\/\/blogdoarmindomaia.com.br\/wp-content\/uploads\/2023\/05\/Joao-Bosco-e-Orquestra-Ouro-Preto-em-Araxa-pag-05-768x513.jpg 768w, http:\/\/blogdoarmindomaia.com.br\/wp-content\/uploads\/2023\/05\/Joao-Bosco-e-Orquestra-Ouro-Preto-em-Araxa-pag-05-1536x1025.jpg 1536w, http:\/\/blogdoarmindomaia.com.br\/wp-content\/uploads\/2023\/05\/Joao-Bosco-e-Orquestra-Ouro-Preto-em-Araxa-pag-05-2048x1367.jpg 2048w\" sizes=\"auto, (max-width: 1024px) 100vw, 1024px\" \/><\/figure>\n\n\n\n<figure class=\"wp-block-image size-large is-style-default\"><img loading=\"lazy\" decoding=\"async\" width=\"1024\" height=\"684\" src=\"http:\/\/blogdoarmindomaia.com.br\/wp-content\/uploads\/2023\/05\/Joao-Bosco-e-Orquestra-Ouro-Preto-em-Araxa-pag-05-1-1024x684.jpg\" alt=\"\" class=\"wp-image-5275\" srcset=\"http:\/\/blogdoarmindomaia.com.br\/wp-content\/uploads\/2023\/05\/Joao-Bosco-e-Orquestra-Ouro-Preto-em-Araxa-pag-05-1-1024x684.jpg 1024w, http:\/\/blogdoarmindomaia.com.br\/wp-content\/uploads\/2023\/05\/Joao-Bosco-e-Orquestra-Ouro-Preto-em-Araxa-pag-05-1-300x200.jpg 300w, http:\/\/blogdoarmindomaia.com.br\/wp-content\/uploads\/2023\/05\/Joao-Bosco-e-Orquestra-Ouro-Preto-em-Araxa-pag-05-1-768x513.jpg 768w, http:\/\/blogdoarmindomaia.com.br\/wp-content\/uploads\/2023\/05\/Joao-Bosco-e-Orquestra-Ouro-Preto-em-Araxa-pag-05-1-1536x1025.jpg 1536w, http:\/\/blogdoarmindomaia.com.br\/wp-content\/uploads\/2023\/05\/Joao-Bosco-e-Orquestra-Ouro-Preto-em-Araxa-pag-05-1-2048x1367.jpg 2048w\" sizes=\"auto, (max-width: 1024px) 100vw, 1024px\" \/><\/figure>\n\n\n\n<p>Um dos principais nomes da m\u00fasica popular brasileira e uma das mais prestigiadas forma\u00e7\u00f5es orquestrais do pa\u00eds se encontram em Arax\u00e1 para um emocionante concerto. No dia 4 de junho, \u00e0s 17h, no P\u00e1tio da Funda\u00e7\u00e3o Cultural Calmon Barreto, o grande Jo\u00e3o Bosco se junta \u00e0 Orquestra Ouro Preto para apresentar &#8220;G\u00eanesis&#8221;, show que celebra toda a rica trajet\u00f3ria do cantor, compositor e violonista. O evento tem o patroc\u00ednio da CBMM atrav\u00e9s da Lei Federal de Incentivo \u00e0 Cultura e promove o disco hom\u00f4nimo, lan\u00e7ado em 2022 em todas as plataformas de \u00e1udio.<\/p>\n\n\n\n<p>\u201cG\u00eanesis\u201d se refere a essa for\u00e7a criadora que \u00e9 a m\u00fasica de Jo\u00e3o. Traz em si a ideia do nascimento do legado de um artista que tem seu lugar j\u00e1 ancorado no altar da m\u00fasica brasileira e que renasce ao deparar-se com os arranjos especialmente feitos pelo maestro Nelson Ayres e regidos pelo maestro Rodrigo Toffolo.&nbsp;<\/p>\n\n\n\n<p>O repert\u00f3rio desfila p\u00e9rolas como \u201cO B\u00eabado e o Equilibrista\u201d, \u201cCors\u00e1rio\u201d, \u201cBala com Bala\u201d e \u201cDe Frente pro Crime\u201d, prestando tamb\u00e9m tributo a Aldir Blanc, um de seus principais parceiros.&nbsp;Os arranjos privilegiam o jeito \u00fanico com o qual Jo\u00e3o maneja seus instrumentos, seu viol\u00e3o e sua voz, priorizando a precisa interfer\u00eancia dos outros elementos orquestrais, que emprestam ainda mais luzes \u00e0s suas composi\u00e7\u00f5es. A excel\u00eancia e a personalidade musical de Jo\u00e3o encontram aqui um di\u00e1logo perfeito com a versatilidade e a ousadia da Orquestra.&nbsp;<\/p>\n\n\n\n<p>\u201cJo\u00e3o Bosco \u00e9 a orquestra de um homem s\u00f3. Como violonista, faz flutuar melodias com espantosa destreza, produzindo agudos e graves em notas que se multiplicam, numa r\u00edtmica muito particular. Em outras palavras, a arte de Jo\u00e3o Bosco \u00e9 perfeita\u201d, comenta o maestro Rodrigo Toffolo ao explicar o motivo do grande zelo que todos da Orquestra tratam o novo trabalho.<\/p>\n\n\n\n<p>A afinidade entre mineiros fica evidente no palco. Mineiro de Ponte Nova, Jo\u00e3o formou-se engenheiro na Universidade Federal de Ouro Preto, morando por um bom per\u00edodo na cidade que \u00e9 o ber\u00e7o da Orquestra e do artista Jorge dos Anjos, cujas obras emolduram todo o conceito de \u201cG\u00eanesis\u201d, numa simbiose entre as formas geom\u00e9tricas e refer\u00eancias afro-brasileiras de suas obras e contemporaneidade e ancestralidade que habitam tamb\u00e9m o universo das can\u00e7\u00f5es de Bosco.&nbsp;<\/p>\n","protected":false},"excerpt":{"rendered":"<p>Um dos principais nomes da m\u00fasica popular brasileira e uma das mais prestigiadas forma\u00e7\u00f5es orquestrais do pa\u00eds se encontram em<\/p>\n","protected":false},"author":2,"featured_media":5274,"comment_status":"open","ping_status":"open","sticky":false,"template":"","format":"standard","meta":{"footnotes":""},"categories":[9,11],"tags":[],"class_list":["post-5273","post","type-post","status-publish","format-standard","has-post-thumbnail","hentry","category-araxa","category-destaques"],"_links":{"self":[{"href":"http:\/\/blogdoarmindomaia.com.br\/index.php?rest_route=\/wp\/v2\/posts\/5273","targetHints":{"allow":["GET"]}}],"collection":[{"href":"http:\/\/blogdoarmindomaia.com.br\/index.php?rest_route=\/wp\/v2\/posts"}],"about":[{"href":"http:\/\/blogdoarmindomaia.com.br\/index.php?rest_route=\/wp\/v2\/types\/post"}],"author":[{"embeddable":true,"href":"http:\/\/blogdoarmindomaia.com.br\/index.php?rest_route=\/wp\/v2\/users\/2"}],"replies":[{"embeddable":true,"href":"http:\/\/blogdoarmindomaia.com.br\/index.php?rest_route=%2Fwp%2Fv2%2Fcomments&post=5273"}],"version-history":[{"count":1,"href":"http:\/\/blogdoarmindomaia.com.br\/index.php?rest_route=\/wp\/v2\/posts\/5273\/revisions"}],"predecessor-version":[{"id":5276,"href":"http:\/\/blogdoarmindomaia.com.br\/index.php?rest_route=\/wp\/v2\/posts\/5273\/revisions\/5276"}],"wp:featuredmedia":[{"embeddable":true,"href":"http:\/\/blogdoarmindomaia.com.br\/index.php?rest_route=\/wp\/v2\/media\/5274"}],"wp:attachment":[{"href":"http:\/\/blogdoarmindomaia.com.br\/index.php?rest_route=%2Fwp%2Fv2%2Fmedia&parent=5273"}],"wp:term":[{"taxonomy":"category","embeddable":true,"href":"http:\/\/blogdoarmindomaia.com.br\/index.php?rest_route=%2Fwp%2Fv2%2Fcategories&post=5273"},{"taxonomy":"post_tag","embeddable":true,"href":"http:\/\/blogdoarmindomaia.com.br\/index.php?rest_route=%2Fwp%2Fv2%2Ftags&post=5273"}],"curies":[{"name":"wp","href":"https:\/\/api.w.org\/{rel}","templated":true}]}}