{"id":5277,"date":"2023-05-30T15:52:32","date_gmt":"2023-05-30T18:52:32","guid":{"rendered":"http:\/\/blogdoarmindomaia.com.br\/?p=5277"},"modified":"2023-05-30T15:52:34","modified_gmt":"2023-05-30T18:52:34","slug":"ganso-esta-confirmado-na-segunda-divisao-de-2023","status":"publish","type":"post","link":"http:\/\/blogdoarmindomaia.com.br\/?p=5277","title":{"rendered":"Ganso est\u00e1 confirmado na Segunda Divis\u00e3o de 2023"},"content":{"rendered":"\n<figure class=\"wp-block-image size-full is-style-default\"><img loading=\"lazy\" decoding=\"async\" width=\"1024\" height=\"683\" src=\"http:\/\/blogdoarmindomaia.com.br\/wp-content\/uploads\/2023\/05\/Ganso-esta-confirmado-na-Segunda-Divisao-de-2023-esportes.jpg\" alt=\"\" class=\"wp-image-5278\" srcset=\"http:\/\/blogdoarmindomaia.com.br\/wp-content\/uploads\/2023\/05\/Ganso-esta-confirmado-na-Segunda-Divisao-de-2023-esportes.jpg 1024w, http:\/\/blogdoarmindomaia.com.br\/wp-content\/uploads\/2023\/05\/Ganso-esta-confirmado-na-Segunda-Divisao-de-2023-esportes-300x200.jpg 300w, http:\/\/blogdoarmindomaia.com.br\/wp-content\/uploads\/2023\/05\/Ganso-esta-confirmado-na-Segunda-Divisao-de-2023-esportes-768x512.jpg 768w\" sizes=\"auto, (max-width: 1024px) 100vw, 1024px\" \/><\/figure>\n\n\n\n<p>Foi realizada, na tarde desta sexta-feira (26\/05), a Reuni\u00e3o Arbitral para deliberar sobre o Campeonato Mineiro da Segunda Divis\u00e3o 2023. O regulamento e a tabela ser\u00e3o publicados at\u00e9 o dia 25\/06. Confira as principais informa\u00e7\u00f5es ap\u00f3s defini\u00e7\u00f5es dos representantes dos clubes:<\/p>\n\n\n\n<p>CLUBES PARTICIPANTES<\/p>\n\n\n\n<p>Teremos, ao todo, 17 equipes disputando a Segunda Divis\u00e3o 2023: Am\u00e9rica de Te\u00f3filo Otoni, Arax\u00e1 Esporte Clube, Associa\u00e7\u00e3o Desportiva Internacional de Minas, Associa\u00e7\u00e3o Esportiva Paracatu, Atl\u00e9tico Clube Tr\u00eas Cora\u00e7\u00f5es, Boston City Futebol Clube, Clube Atl\u00e9tico Serranense, Coimbra Esporte Clube, Contagem Esporte Clube, Esporte Clube Mamor\u00e9, Esporte Clube Villa Real, Guarani Esporte Clube, Juventus de Minas Novas, Nacional Futebol Clube, Pirapora Futebol Clube, Po\u00e7os de Caldas Futebol Clube e Val\u00e9riodoce Esporte Clube.<\/p>\n\n\n\n<p>FORMATO<\/p>\n\n\n\n<p>O campeonato ser\u00e1 disputado com atletas sub-23, e a fase classificat\u00f3ria ser\u00e1 disputada em 4 grupos (3 grupos com 4 clubes e 1 grupo com 5 clubes).<\/p>\n\n\n\n<p>GRUPO 1 \u2013 Am\u00e9rica-TO, Val\u00e9rio, Juventus e Boston<\/p>\n\n\n\n<p>GRUPO 2 \u2013 Nacional, Pirapora, Paracatu, Mamor\u00e9 e Arax\u00e1<\/p>\n\n\n\n<p>GRUPO 3 \u2013 Po\u00e7os de Caldas, Atl\u00e9tico Tr\u00eas Cora\u00e7\u00f5es, Villa Real e Guarani<\/p>\n\n\n\n<p>GRUPO 4 \u2013 Coimbra, Contagem, Inter de Minas e Serranense<\/p>\n\n\n\n<p>Os clubes se enfrentam em turno e returno dentro do pr\u00f3prio grupo, classificando-se os 2 melhores de cada grupo para as quartas de final. As fases quartas de final, semifinal e final ser\u00e3o disputadas em ida e volta.<\/p>\n\n\n\n<p>IN\u00cdCIO E T\u00c9RMINO<\/p>\n\n\n\n<p>A disputa da fase classificat\u00f3ria ocorrer\u00e1 do dia 26\/08 ao dia 21\/10. A fase \u201cmata-mata\u201d come\u00e7a no dia 28\/10 e a final ser\u00e1 disputada no dia 25\/11.<\/p>\n","protected":false},"excerpt":{"rendered":"<p>Foi realizada, na tarde desta sexta-feira (26\/05), a Reuni\u00e3o Arbitral para deliberar sobre o Campeonato Mineiro da Segunda Divis\u00e3o 2023.<\/p>\n","protected":false},"author":2,"featured_media":5278,"comment_status":"open","ping_status":"open","sticky":false,"template":"","format":"standard","meta":{"footnotes":""},"categories":[9,11],"tags":[],"class_list":["post-5277","post","type-post","status-publish","format-standard","has-post-thumbnail","hentry","category-araxa","category-destaques"],"_links":{"self":[{"href":"http:\/\/blogdoarmindomaia.com.br\/index.php?rest_route=\/wp\/v2\/posts\/5277","targetHints":{"allow":["GET"]}}],"collection":[{"href":"http:\/\/blogdoarmindomaia.com.br\/index.php?rest_route=\/wp\/v2\/posts"}],"about":[{"href":"http:\/\/blogdoarmindomaia.com.br\/index.php?rest_route=\/wp\/v2\/types\/post"}],"author":[{"embeddable":true,"href":"http:\/\/blogdoarmindomaia.com.br\/index.php?rest_route=\/wp\/v2\/users\/2"}],"replies":[{"embeddable":true,"href":"http:\/\/blogdoarmindomaia.com.br\/index.php?rest_route=%2Fwp%2Fv2%2Fcomments&post=5277"}],"version-history":[{"count":1,"href":"http:\/\/blogdoarmindomaia.com.br\/index.php?rest_route=\/wp\/v2\/posts\/5277\/revisions"}],"predecessor-version":[{"id":5279,"href":"http:\/\/blogdoarmindomaia.com.br\/index.php?rest_route=\/wp\/v2\/posts\/5277\/revisions\/5279"}],"wp:featuredmedia":[{"embeddable":true,"href":"http:\/\/blogdoarmindomaia.com.br\/index.php?rest_route=\/wp\/v2\/media\/5278"}],"wp:attachment":[{"href":"http:\/\/blogdoarmindomaia.com.br\/index.php?rest_route=%2Fwp%2Fv2%2Fmedia&parent=5277"}],"wp:term":[{"taxonomy":"category","embeddable":true,"href":"http:\/\/blogdoarmindomaia.com.br\/index.php?rest_route=%2Fwp%2Fv2%2Fcategories&post=5277"},{"taxonomy":"post_tag","embeddable":true,"href":"http:\/\/blogdoarmindomaia.com.br\/index.php?rest_route=%2Fwp%2Fv2%2Ftags&post=5277"}],"curies":[{"name":"wp","href":"https:\/\/api.w.org\/{rel}","templated":true}]}}