{"id":5293,"date":"2023-05-31T15:43:32","date_gmt":"2023-05-31T18:43:32","guid":{"rendered":"http:\/\/blogdoarmindomaia.com.br\/?p=5293"},"modified":"2023-05-31T15:43:34","modified_gmt":"2023-05-31T18:43:34","slug":"projeto-anos-de-ouro-da-musica-traz-opera-queen-a-araxa","status":"publish","type":"post","link":"http:\/\/blogdoarmindomaia.com.br\/?p=5293","title":{"rendered":"Projeto Anos de Ouro da M\u00fasica traz \u00a0Opera Queen a Arax\u00e1"},"content":{"rendered":"\n<figure class=\"wp-block-image size-large is-style-default\"><img loading=\"lazy\" decoding=\"async\" width=\"1024\" height=\"1024\" src=\"http:\/\/blogdoarmindomaia.com.br\/wp-content\/uploads\/2023\/05\/post-oficial-opera-queen-1080px-v3-apoios-1024x1024.png\" alt=\"\" class=\"wp-image-5294\" srcset=\"http:\/\/blogdoarmindomaia.com.br\/wp-content\/uploads\/2023\/05\/post-oficial-opera-queen-1080px-v3-apoios-1024x1024.png 1024w, http:\/\/blogdoarmindomaia.com.br\/wp-content\/uploads\/2023\/05\/post-oficial-opera-queen-1080px-v3-apoios-300x300.png 300w, http:\/\/blogdoarmindomaia.com.br\/wp-content\/uploads\/2023\/05\/post-oficial-opera-queen-1080px-v3-apoios-150x150.png 150w, http:\/\/blogdoarmindomaia.com.br\/wp-content\/uploads\/2023\/05\/post-oficial-opera-queen-1080px-v3-apoios-768x768.png 768w, http:\/\/blogdoarmindomaia.com.br\/wp-content\/uploads\/2023\/05\/post-oficial-opera-queen-1080px-v3-apoios.png 1080w\" sizes=\"auto, (max-width: 1024px) 100vw, 1024px\" \/><\/figure>\n\n\n\n<p>Prepare-se para uma experi\u00eancia QUEEN inigual\u00e1vel.<\/p>\n\n\n\n<p>No dia 03 de junho , o PROJETO ANOS DE OURO DA M\u00daSICA vai apresentar OPERA QUEEN, mais um evento inesquec\u00edvel na s\u00e9rie GRANDES TRIBUTOS.<\/p>\n\n\n\n<p>Desde o ano de 2012, os maiores tributos do ABBA BEE GEES, ELTON JHON, QUEEN, entre outros chegaram em Arax\u00e1 e regi\u00e3o atrav\u00e9s da Uirapurus Arte e Cultura.<\/p>\n\n\n\n<p>Os shows realizados com requinte e glamour sempre proporcionaram o encontro de gera\u00e7\u00f5es em um ambiente acolhedor, al\u00e9m de apresentar a produ\u00e7\u00e3o cultural de d\u00e9cadas passadas.<\/p>\n\n\n\n<p>O evento ter\u00e1 in\u00edcio \u00e0s 22hrs, no espa\u00e7o GRANN HALL e ter\u00e1 sistema de mesas e bistr\u00f4s com atendimento vip e atra\u00e7\u00f5es especiais como DJ LORENZO MOTTA, DUO ELETRO SAX, e outros DJS E VJS especializados em festas anos 80,&nbsp;<\/p>\n\n\n\n<p>O evento tamb\u00e9m ter\u00e1 novamente um car\u00e1ter social, com destina\u00e7\u00e3o de parte da renda para a ASSOCIA\u00c7\u00c3O DO C\u00c2NCER DE ARAX\u00c1.<\/p>\n\n\n\n<p>Este encontro com o MAIOR ESPET\u00c1CULO QUEEN do Brasil em turn\u00ea nacional,&nbsp; tem o apoio da META-terraplanagem e lojistica, KING COMPANY CELULARES, GIGANET, REVISTA IDENTIDADE, R\u00c1DIO VOLT, R\u00c1DIO CIDADE, DA ROCHA ESPETOS.<\/p>\n\n\n\n<p>Informa\u00e7\u00f5es; 34 99108 3978<\/p>\n\n\n\n<p>Reservas: 34 99144 5462<\/p>\n\n\n\n<p><br>OPERA QUEEN<\/p>\n\n\n\n<p><br>Para os f\u00e3s mais exigentes e fervorosos de uma das maiores bandas de todos os tempos, a OPERA QUEEN traz para os palcos todas as possibilidades de o p\u00fablico ouvir o QUEEN novamente, em alta performance ao vivo, com um dos maiores int\u00e9rpretes de Freddie Mercury da atualidade, acompanhado de uma banda afiad\u00edssima e fidedigna \u00e0 sonoridade original marcante da grandiosa banda QUEEN.<br><br>Quatro amigos, m\u00fasicos experientes e f\u00e3s de QUEEN, juntam-se para realizar um show emocionante, levando ao p\u00fablico as composi\u00e7\u00f5es de grandes cl\u00e1ssicos que atravessam gera\u00e7\u00f5es, pela sonoridade revolucion\u00e1ria que marcaram a hist\u00f3ria da m\u00fasica e at\u00e9 hoje despertam a paix\u00e3o pela banda por todo o mundo, em pessoas de todas as gera\u00e7\u00f5es.<br><br>A banda OPERA QUEEN, formada por RENATO REISH , 38 anos, int\u00e9rprete de ROGER TAYLOR; DANILO BREDA, 28 anos, int\u00e9rprete de BRIAN MAY; &nbsp;ANTONIO CARLOS MENDES, o TONY, 45 anos, int\u00e9rprete de JOHN DEACON; e CASSIANO CARVALHO, 43 anos, apaixonado por Rock&#8217;n Roll desde os 7 anos de idade e, desde 2019 recriando a apresenta\u00e7\u00e3o do \u00edcone inesquec\u00edvel FREDDIE MERCURY nos palcos, com figurinos, vocais e performances impec\u00e1veis, iniciou em janeiro\/23 sua turn\u00ea pelo Brasil,<br><br>levando este show em tributo ao QUEEN pelos quatro cantos do pa\u00eds em encontro aos maiores f\u00e3s de QUEEN e o p\u00fablico em geral apreciador&nbsp;de&nbsp;boa&nbsp;m\u00fasica.<br><br>A banda OPERA QUEEN, formada por RENATO REISH , 38 anos, int\u00e9rprete de ROGER TAYLOR; DANILO BREDA, 28 anos, int\u00e9rprete de BRIAN MAY; &nbsp;ANTONIO CARLOS MENDES, o TONY, 45 anos, int\u00e9rprete de JOHN DEACON; e CASSIANO CARVALHO, 43 anos, apaixonado por Rock&#8217;n Roll desde os 7 anos de idade e, desde 2019 recriando a apresenta\u00e7\u00e3o do \u00edcone inesquec\u00edvel FREDDIE MERCURY nos palcos, com figurinos, vocais e performances impec\u00e1veis, iniciou em janeiro\/23 sua turn\u00ea pelo Brasil, levando este show em tributo ao QUEEN pelos quatro cantos do pa\u00eds em encontro aos maiores f\u00e3s de QUEEN e o p\u00fablico em geral apreciador&nbsp;de&nbsp;boa&nbsp;m\u00fasica.<\/p>\n","protected":false},"excerpt":{"rendered":"<p>Prepare-se para uma experi\u00eancia QUEEN inigual\u00e1vel. No dia 03 de junho , o PROJETO ANOS DE OURO DA M\u00daSICA vai<\/p>\n","protected":false},"author":2,"featured_media":5294,"comment_status":"open","ping_status":"open","sticky":false,"template":"","format":"standard","meta":{"footnotes":""},"categories":[9,11],"tags":[],"class_list":["post-5293","post","type-post","status-publish","format-standard","has-post-thumbnail","hentry","category-araxa","category-destaques"],"_links":{"self":[{"href":"http:\/\/blogdoarmindomaia.com.br\/index.php?rest_route=\/wp\/v2\/posts\/5293","targetHints":{"allow":["GET"]}}],"collection":[{"href":"http:\/\/blogdoarmindomaia.com.br\/index.php?rest_route=\/wp\/v2\/posts"}],"about":[{"href":"http:\/\/blogdoarmindomaia.com.br\/index.php?rest_route=\/wp\/v2\/types\/post"}],"author":[{"embeddable":true,"href":"http:\/\/blogdoarmindomaia.com.br\/index.php?rest_route=\/wp\/v2\/users\/2"}],"replies":[{"embeddable":true,"href":"http:\/\/blogdoarmindomaia.com.br\/index.php?rest_route=%2Fwp%2Fv2%2Fcomments&post=5293"}],"version-history":[{"count":1,"href":"http:\/\/blogdoarmindomaia.com.br\/index.php?rest_route=\/wp\/v2\/posts\/5293\/revisions"}],"predecessor-version":[{"id":5295,"href":"http:\/\/blogdoarmindomaia.com.br\/index.php?rest_route=\/wp\/v2\/posts\/5293\/revisions\/5295"}],"wp:featuredmedia":[{"embeddable":true,"href":"http:\/\/blogdoarmindomaia.com.br\/index.php?rest_route=\/wp\/v2\/media\/5294"}],"wp:attachment":[{"href":"http:\/\/blogdoarmindomaia.com.br\/index.php?rest_route=%2Fwp%2Fv2%2Fmedia&parent=5293"}],"wp:term":[{"taxonomy":"category","embeddable":true,"href":"http:\/\/blogdoarmindomaia.com.br\/index.php?rest_route=%2Fwp%2Fv2%2Fcategories&post=5293"},{"taxonomy":"post_tag","embeddable":true,"href":"http:\/\/blogdoarmindomaia.com.br\/index.php?rest_route=%2Fwp%2Fv2%2Ftags&post=5293"}],"curies":[{"name":"wp","href":"https:\/\/api.w.org\/{rel}","templated":true}]}}