{"id":530,"date":"2022-04-29T19:52:39","date_gmt":"2022-04-29T22:52:39","guid":{"rendered":"http:\/\/blogdoarmindomaia.com.br\/?p=530"},"modified":"2022-04-29T19:52:41","modified_gmt":"2022-04-29T22:52:41","slug":"araxa-realiza-dia-d-da-vacina-contra-influenza-e-sarampo-neste-sabado","status":"publish","type":"post","link":"http:\/\/blogdoarmindomaia.com.br\/?p=530","title":{"rendered":"Arax\u00e1 realiza Dia D da vacina contra Influenza e Sarampo neste s\u00e1bado"},"content":{"rendered":"\n<figure class=\"wp-block-image size-full is-style-default\"><img loading=\"lazy\" decoding=\"async\" width=\"1024\" height=\"683\" src=\"http:\/\/blogdoarmindomaia.com.br\/wp-content\/uploads\/2022\/04\/vacina-gripe-sarampo.jpeg\" alt=\"\" class=\"wp-image-532\" srcset=\"http:\/\/blogdoarmindomaia.com.br\/wp-content\/uploads\/2022\/04\/vacina-gripe-sarampo.jpeg 1024w, http:\/\/blogdoarmindomaia.com.br\/wp-content\/uploads\/2022\/04\/vacina-gripe-sarampo-300x200.jpeg 300w, http:\/\/blogdoarmindomaia.com.br\/wp-content\/uploads\/2022\/04\/vacina-gripe-sarampo-768x512.jpeg 768w\" sizes=\"auto, (max-width: 1024px) 100vw, 1024px\" \/><\/figure>\n\n\n\n\n\n<p>Mas um Dia D da Vacina\u00e7\u00e3o Contra a Gripe e Sarampo em Arax\u00e1 acontece neste s\u00e1bado (30), das 8h \u00e0s 15h, seguindo recomenda\u00e7\u00e3o do Minist\u00e9rio da Sa\u00fade. A imuniza\u00e7\u00e3o acontece na Uninorte, Unicentro, Unileste e Unioeste.<\/p>\n\n\n\n<p>Nesta etapa da vacina\u00e7\u00e3o contra a gripe est\u00e3o sendo atendidos idosos com 60 anos ou mais; trabalhadores da sa\u00fade; crian\u00e7as de 6 meses a menores de 5 anos (4 anos 11 meses e 29 dias).<\/p>\n\n\n\n<p>J\u00e1 para a vacina\u00e7\u00e3o contra o Sarampo a campanha atende neste momento trabalhadores da sa\u00fade e crian\u00e7as de 6 meses a menores de 5 anos (4 anos 11 meses e 29 dias).<\/p>\n\n\n\n<p>Vale lembrar que o uso de m\u00e1scara em locais que ofere\u00e7am servi\u00e7os de sa\u00fade, como postos de vacina\u00e7\u00e3o, continua sendo obrigat\u00f3rio em todo o munic\u00edpio. Tamb\u00e9m \u00e9 imprescind\u00edvel a apresenta\u00e7\u00e3o do Cart\u00e3o de Vacina nas duas campanhas.<\/p>\n\n\n\n<p><strong>Sarampo<\/strong><\/p>\n\n\n\n<p>O sarampo \u00e9 uma doen\u00e7a infecciosa grave, causada por um v\u00edrus que pode ser fatal. A doen\u00e7a tem alto potencial de transmiss\u00e3o, que ocorre quando o doente tosse, fala, espirra ou respira pr\u00f3ximo de outras pessoas. O aumento da incid\u00eancia acontece no per\u00edodo entre o final do inverno e o in\u00edcio da primavera, ou ap\u00f3s esta\u00e7\u00f5es chuvosas.<\/p>\n\n\n\n<p>Em 2016, o Brasil chegou a receber da Organiza\u00e7\u00e3o Mundial da Sa\u00fade (OMS) o certificado de erradica\u00e7\u00e3o do sarampo. Contudo, a procura pela vacina diminuiu, deixando a maior parte das crian\u00e7as desprotegidas. A partir de 2018, o pa\u00eds voltou a registrar casos e at\u00e9 mesmo \u00f3bitos pela doen\u00e7a. Em Arax\u00e1, a meta \u00e9 atingir pelo menos 95% do p\u00fablico-alvo.<\/p>\n\n\n\n<p><strong>Cronograma Vacinas Contra a Gripe e Sarampo<br><\/strong><br>DIA D &#8211; S\u00c1BADO: 30 DE ABRIL &#8211; 8h \u00e0s 15h<\/p>\n\n\n\n<p>&#8211; Uninorte, Unicentro, Unileste, Unioeste.<\/p>\n","protected":false},"excerpt":{"rendered":"<p>Mas um Dia D da Vacina\u00e7\u00e3o Contra a Gripe e Sarampo em Arax\u00e1 acontece neste s\u00e1bado (30), das 8h \u00e0s<\/p>\n","protected":false},"author":2,"featured_media":532,"comment_status":"open","ping_status":"open","sticky":false,"template":"","format":"standard","meta":{"footnotes":""},"categories":[9,29],"tags":[],"class_list":["post-530","post","type-post","status-publish","format-standard","has-post-thumbnail","hentry","category-araxa","category-saude"],"_links":{"self":[{"href":"http:\/\/blogdoarmindomaia.com.br\/index.php?rest_route=\/wp\/v2\/posts\/530","targetHints":{"allow":["GET"]}}],"collection":[{"href":"http:\/\/blogdoarmindomaia.com.br\/index.php?rest_route=\/wp\/v2\/posts"}],"about":[{"href":"http:\/\/blogdoarmindomaia.com.br\/index.php?rest_route=\/wp\/v2\/types\/post"}],"author":[{"embeddable":true,"href":"http:\/\/blogdoarmindomaia.com.br\/index.php?rest_route=\/wp\/v2\/users\/2"}],"replies":[{"embeddable":true,"href":"http:\/\/blogdoarmindomaia.com.br\/index.php?rest_route=%2Fwp%2Fv2%2Fcomments&post=530"}],"version-history":[{"count":1,"href":"http:\/\/blogdoarmindomaia.com.br\/index.php?rest_route=\/wp\/v2\/posts\/530\/revisions"}],"predecessor-version":[{"id":533,"href":"http:\/\/blogdoarmindomaia.com.br\/index.php?rest_route=\/wp\/v2\/posts\/530\/revisions\/533"}],"wp:featuredmedia":[{"embeddable":true,"href":"http:\/\/blogdoarmindomaia.com.br\/index.php?rest_route=\/wp\/v2\/media\/532"}],"wp:attachment":[{"href":"http:\/\/blogdoarmindomaia.com.br\/index.php?rest_route=%2Fwp%2Fv2%2Fmedia&parent=530"}],"wp:term":[{"taxonomy":"category","embeddable":true,"href":"http:\/\/blogdoarmindomaia.com.br\/index.php?rest_route=%2Fwp%2Fv2%2Fcategories&post=530"},{"taxonomy":"post_tag","embeddable":true,"href":"http:\/\/blogdoarmindomaia.com.br\/index.php?rest_route=%2Fwp%2Fv2%2Ftags&post=530"}],"curies":[{"name":"wp","href":"https:\/\/api.w.org\/{rel}","templated":true}]}}