{"id":5310,"date":"2023-06-05T11:13:00","date_gmt":"2023-06-05T14:13:00","guid":{"rendered":"http:\/\/blogdoarmindomaia.com.br\/?p=5310"},"modified":"2023-06-05T11:13:02","modified_gmt":"2023-06-05T14:13:02","slug":"semana-do-meio-ambiente-em-araxa-aborda-educacao-sustentavel","status":"publish","type":"post","link":"http:\/\/blogdoarmindomaia.com.br\/?p=5310","title":{"rendered":"Semana do Meio Ambiente em Arax\u00e1 aborda educa\u00e7\u00e3o sustent\u00e1vel"},"content":{"rendered":"\n<figure class=\"wp-block-image size-full is-style-default\"><img loading=\"lazy\" decoding=\"async\" width=\"1024\" height=\"683\" src=\"http:\/\/blogdoarmindomaia.com.br\/wp-content\/uploads\/2023\/06\/Semana-do-Meio-Ambiente-em-Araxa-aborda-educacao-sustentavel-pag-08.jpeg\" alt=\"\" class=\"wp-image-5311\" srcset=\"http:\/\/blogdoarmindomaia.com.br\/wp-content\/uploads\/2023\/06\/Semana-do-Meio-Ambiente-em-Araxa-aborda-educacao-sustentavel-pag-08.jpeg 1024w, http:\/\/blogdoarmindomaia.com.br\/wp-content\/uploads\/2023\/06\/Semana-do-Meio-Ambiente-em-Araxa-aborda-educacao-sustentavel-pag-08-300x200.jpeg 300w, http:\/\/blogdoarmindomaia.com.br\/wp-content\/uploads\/2023\/06\/Semana-do-Meio-Ambiente-em-Araxa-aborda-educacao-sustentavel-pag-08-768x512.jpeg 768w\" sizes=\"auto, (max-width: 1024px) 100vw, 1024px\" \/><\/figure>\n\n\n\n<figure class=\"wp-block-image size-full is-style-default\"><img loading=\"lazy\" decoding=\"async\" width=\"1024\" height=\"683\" src=\"http:\/\/blogdoarmindomaia.com.br\/wp-content\/uploads\/2023\/06\/Semana-do-Meio-Ambiente-em-Araxa-aborda-educacao-sustentavel-pag-08-1.jpeg\" alt=\"\" class=\"wp-image-5312\" srcset=\"http:\/\/blogdoarmindomaia.com.br\/wp-content\/uploads\/2023\/06\/Semana-do-Meio-Ambiente-em-Araxa-aborda-educacao-sustentavel-pag-08-1.jpeg 1024w, http:\/\/blogdoarmindomaia.com.br\/wp-content\/uploads\/2023\/06\/Semana-do-Meio-Ambiente-em-Araxa-aborda-educacao-sustentavel-pag-08-1-300x200.jpeg 300w, http:\/\/blogdoarmindomaia.com.br\/wp-content\/uploads\/2023\/06\/Semana-do-Meio-Ambiente-em-Araxa-aborda-educacao-sustentavel-pag-08-1-768x512.jpeg 768w\" sizes=\"auto, (max-width: 1024px) 100vw, 1024px\" \/><\/figure>\n\n\n\n<p>O Instituto de Planejamento e Desenvolvimento Sustent\u00e1vel de Arax\u00e1 (IPDSA) promove, de 5 a 13 de junho, a Semana do Meio Ambiente. Pautada em atividades com foco na Educa\u00e7\u00e3o Ambiental em prol da sustentabilidade, o tema deste ano \u00e9 \u201cArax\u00e1 Separa Seu Lixo\u201d. A cerim\u00f4nia de abertura aconteceu na segunda-feira (5), no Centro Cultural do Uniarax\u00e1.<br><br>Na ocasi\u00e3o, ser\u00e1 apresentada a pe\u00e7a teatral \u201cDona Maricota e Seu Carlota: Meio Ambiente, Consumo Consciente\u201d, e estudantes de Arax\u00e1 ter\u00e3o a oportunidade de fazer a exposi\u00e7\u00e3o dos concursos \u201cReciclando e Brincando\u201d e \u201cMascote Coleta Seletiva\u201d. Os projetos s\u00e3o trabalhados com o objetivo de conscientizar os alunos sobre a import\u00e2ncia de preservar o meio ambiente.<br><br><strong>PROGRAMA\u00c7\u00c3O<br><\/strong><br><strong>05\/06 (segunda)<br><\/strong>&#8211; 9h \u00e0s 11h: Divulga\u00e7\u00e3o e panfletagem no Setor Norte;<br><br>&#8211; 14 horas: Abertura Oficial no Teatro do Uniarax\u00e1 &#8211; Pe\u00e7a \u201cDona Maricota e Seu Carlota: Meio Ambiente, Consumo Consciente\u201d | Exposi\u00e7\u00e3o Concursos \u201cReciclando e Brincando\u201d e \u201cMascote Coleta Seletiva\u201d.<br><br><strong>06\/06 (ter\u00e7a)<br><\/strong>&#8211; 9h \u00e0s 11h: Divulga\u00e7\u00e3o e panfletagem no Setor Sul.<br><br><strong>07\/06 (quarta)<br><\/strong>&#8211; 9h: Blitz Educativa na Avenida Ant\u00f4nio Carlos;<br>&#8211; 9h \u00e0s 11h: Divulga\u00e7\u00e3o e Panfletagem no Setor Oeste.<br><br><strong>12\/06 (segunda)<br><\/strong>&#8211; 9h \u00e0s 11h: Divulga\u00e7\u00e3o e panfletagem no Setor Leste;<br><br>&#8211; 14h: Premia\u00e7\u00e3o Concurso \u201cReciclando e Brincando\u201d.<br><br><strong>13\/06 (ter\u00e7a)<br><\/strong>&#8211; 7h: Palestra \u201cColeta Seletiva em Arax\u00e1\u201d; Tiro de Guerra;<br><br>&#8211; 9h \u00e0s 11h: Divulga\u00e7\u00e3o e panfletagem no Centro da cidade;<br><br>&#8211; 10h: Premia\u00e7\u00e3o Concurso \u201cMascote da Coleta Seletiva\u201d;<br><br>&#8211; 19h30: Tribunal do J\u00fari do Uniarax\u00e1 &#8211; Palestra \u201cO Plano de Gerenciamento de Res\u00edduos de Constru\u00e7\u00e3o Civil (RCC) em Arax\u00e1\u201d, ministrada pela engenheira ambiental Juliana Silva.<\/p>\n","protected":false},"excerpt":{"rendered":"<p>O Instituto de Planejamento e Desenvolvimento Sustent\u00e1vel de Arax\u00e1 (IPDSA) promove, de 5 a 13 de junho, a Semana do<\/p>\n","protected":false},"author":2,"featured_media":5312,"comment_status":"open","ping_status":"open","sticky":false,"template":"","format":"standard","meta":{"footnotes":""},"categories":[9,11],"tags":[],"class_list":["post-5310","post","type-post","status-publish","format-standard","has-post-thumbnail","hentry","category-araxa","category-destaques"],"_links":{"self":[{"href":"http:\/\/blogdoarmindomaia.com.br\/index.php?rest_route=\/wp\/v2\/posts\/5310","targetHints":{"allow":["GET"]}}],"collection":[{"href":"http:\/\/blogdoarmindomaia.com.br\/index.php?rest_route=\/wp\/v2\/posts"}],"about":[{"href":"http:\/\/blogdoarmindomaia.com.br\/index.php?rest_route=\/wp\/v2\/types\/post"}],"author":[{"embeddable":true,"href":"http:\/\/blogdoarmindomaia.com.br\/index.php?rest_route=\/wp\/v2\/users\/2"}],"replies":[{"embeddable":true,"href":"http:\/\/blogdoarmindomaia.com.br\/index.php?rest_route=%2Fwp%2Fv2%2Fcomments&post=5310"}],"version-history":[{"count":1,"href":"http:\/\/blogdoarmindomaia.com.br\/index.php?rest_route=\/wp\/v2\/posts\/5310\/revisions"}],"predecessor-version":[{"id":5313,"href":"http:\/\/blogdoarmindomaia.com.br\/index.php?rest_route=\/wp\/v2\/posts\/5310\/revisions\/5313"}],"wp:featuredmedia":[{"embeddable":true,"href":"http:\/\/blogdoarmindomaia.com.br\/index.php?rest_route=\/wp\/v2\/media\/5312"}],"wp:attachment":[{"href":"http:\/\/blogdoarmindomaia.com.br\/index.php?rest_route=%2Fwp%2Fv2%2Fmedia&parent=5310"}],"wp:term":[{"taxonomy":"category","embeddable":true,"href":"http:\/\/blogdoarmindomaia.com.br\/index.php?rest_route=%2Fwp%2Fv2%2Fcategories&post=5310"},{"taxonomy":"post_tag","embeddable":true,"href":"http:\/\/blogdoarmindomaia.com.br\/index.php?rest_route=%2Fwp%2Fv2%2Ftags&post=5310"}],"curies":[{"name":"wp","href":"https:\/\/api.w.org\/{rel}","templated":true}]}}