{"id":5314,"date":"2023-06-05T14:26:39","date_gmt":"2023-06-05T17:26:39","guid":{"rendered":"http:\/\/blogdoarmindomaia.com.br\/?p=5314"},"modified":"2023-06-05T14:26:41","modified_gmt":"2023-06-05T17:26:41","slug":"aeroporto-de-araxa-volta-a-receber-voos-comerciais-diarios","status":"publish","type":"post","link":"http:\/\/blogdoarmindomaia.com.br\/?p=5314","title":{"rendered":"Aeroporto de Arax\u00e1 volta a receber voos comerciais di\u00e1rios"},"content":{"rendered":"\n<figure class=\"wp-block-image size-full is-style-default\"><img loading=\"lazy\" decoding=\"async\" width=\"833\" height=\"600\" src=\"http:\/\/blogdoarmindomaia.com.br\/wp-content\/uploads\/2023\/06\/Aeroporto-de-Araxa-volta-a-receber-voos-comerciais-diarios-pag-12.jpeg\" alt=\"\" class=\"wp-image-5315\" srcset=\"http:\/\/blogdoarmindomaia.com.br\/wp-content\/uploads\/2023\/06\/Aeroporto-de-Araxa-volta-a-receber-voos-comerciais-diarios-pag-12.jpeg 833w, http:\/\/blogdoarmindomaia.com.br\/wp-content\/uploads\/2023\/06\/Aeroporto-de-Araxa-volta-a-receber-voos-comerciais-diarios-pag-12-300x216.jpeg 300w, http:\/\/blogdoarmindomaia.com.br\/wp-content\/uploads\/2023\/06\/Aeroporto-de-Araxa-volta-a-receber-voos-comerciais-diarios-pag-12-768x553.jpeg 768w\" sizes=\"auto, (max-width: 833px) 100vw, 833px\" \/><\/figure>\n\n\n\n<figure class=\"wp-block-image size-full is-style-default\"><img loading=\"lazy\" decoding=\"async\" width=\"1024\" height=\"683\" src=\"http:\/\/blogdoarmindomaia.com.br\/wp-content\/uploads\/2023\/06\/retomada-voos-5.jpeg\" alt=\"\" class=\"wp-image-5316\" srcset=\"http:\/\/blogdoarmindomaia.com.br\/wp-content\/uploads\/2023\/06\/retomada-voos-5.jpeg 1024w, http:\/\/blogdoarmindomaia.com.br\/wp-content\/uploads\/2023\/06\/retomada-voos-5-300x200.jpeg 300w, http:\/\/blogdoarmindomaia.com.br\/wp-content\/uploads\/2023\/06\/retomada-voos-5-768x512.jpeg 768w\" sizes=\"auto, (max-width: 1024px) 100vw, 1024px\" \/><\/figure>\n\n\n\n<figure class=\"wp-block-image size-full is-style-default\"><img loading=\"lazy\" decoding=\"async\" width=\"1024\" height=\"683\" src=\"http:\/\/blogdoarmindomaia.com.br\/wp-content\/uploads\/2023\/06\/retomada-voos-4.jpeg\" alt=\"\" class=\"wp-image-5317\" srcset=\"http:\/\/blogdoarmindomaia.com.br\/wp-content\/uploads\/2023\/06\/retomada-voos-4.jpeg 1024w, http:\/\/blogdoarmindomaia.com.br\/wp-content\/uploads\/2023\/06\/retomada-voos-4-300x200.jpeg 300w, http:\/\/blogdoarmindomaia.com.br\/wp-content\/uploads\/2023\/06\/retomada-voos-4-768x512.jpeg 768w\" sizes=\"auto, (max-width: 1024px) 100vw, 1024px\" \/><\/figure>\n\n\n\n<figure class=\"wp-block-image size-full is-style-default\"><img loading=\"lazy\" decoding=\"async\" width=\"1024\" height=\"683\" src=\"http:\/\/blogdoarmindomaia.com.br\/wp-content\/uploads\/2023\/06\/retomada-voos-2.jpeg\" alt=\"\" class=\"wp-image-5318\" srcset=\"http:\/\/blogdoarmindomaia.com.br\/wp-content\/uploads\/2023\/06\/retomada-voos-2.jpeg 1024w, http:\/\/blogdoarmindomaia.com.br\/wp-content\/uploads\/2023\/06\/retomada-voos-2-300x200.jpeg 300w, http:\/\/blogdoarmindomaia.com.br\/wp-content\/uploads\/2023\/06\/retomada-voos-2-768x512.jpeg 768w\" sizes=\"auto, (max-width: 1024px) 100vw, 1024px\" \/><\/figure>\n\n\n\n<p>Mais desenvolvimento econ\u00f4mico e turismo para Arax\u00e1. Os voos comerciais foram retomados no Aeroporto Municipal Romeu Zema por meio da empresa Azul Linhas A\u00e9reas, com linhas di\u00e1rias diretas de Arax\u00e1 \/ Belo Horizonte e Belo Horizonte \/ Arax\u00e1. O primeiro voo desse retorno foi realizado na noite da \u00faltima sexta-feira (2).<br><br>Voos segunda a s\u00e1bado (partida)<br>&#8211; Arax\u00e1 \/ BH: 5h15<br>&#8211; BH \/ Arax\u00e1: 18h<br><br>Voos aos domingos (partida)<br>&#8211; Arax\u00e1 \/ BH: 18h<br>&#8211; BH \/ Arax\u00e1: 22h<br><br>Inicialmente, a aeronave que faz as opera\u00e7\u00f5es \u00e9 um turbo\u00e9lice Cessna Grand Caravan, com capacidade para 9 passageiros. O Aeroporto Municipal recebe a opera\u00e7\u00e3o de voos executivos, avi\u00f5es militares, t\u00e1xis a\u00e9reos e UTIs a\u00e9reas. Ap\u00f3s a reforma geral do local, entregue pela Administra\u00e7\u00e3o Municipal em novembro de 2022.<br><br>Arax\u00e1 tamb\u00e9m recebeu em seguida a aprova\u00e7\u00e3o do Programa de Seguran\u00e7a Aeroportu\u00e1ria (PSA) para voltar a operar com aeronaves acima de 60 assentos e a pista de pouso e decolagem tem suporte para receber voos de aeronaves como Airbus A319, Boeing 737 e Embraer 195.<br><br>O prefeito Robson Magela destaca que, ap\u00f3s a gest\u00e3o investir com recursos pr\u00f3prios na reforma geral do aeroporto, a retomada de voos comerciais \u00e9 um momento hist\u00f3rico para a cidade. \u201cEsses voos s\u00e3o de extrema import\u00e2ncia para o fomento do turismo e dos neg\u00f3cios. Temos grandes empresas que necessitam de deslocamentos mais r\u00e1pidos para agilizar ainda mais seus neg\u00f3cios e a retomada desses voos comerciais direto para Belo Horizonte disponibiliza uma conex\u00e3o empresarial com todo o pa\u00eds\u201d, destaca.<br><br>De acordo com o secret\u00e1rio municipal de Desenvolvimento Econ\u00f4mico, Inova\u00e7\u00e3o e Turismo, Juliano Cesar da Silva, a reestrutura\u00e7\u00e3o do aeroporto demonstra diretamente o investimento que o munic\u00edpio tem realizado no turismo, nos neg\u00f3cios e na capta\u00e7\u00e3o de grandes eventos.<br><br>\u201cDesde o in\u00edcio a atual gest\u00e3o tem feito um trabalho de planejamento para o desenvolvimento econ\u00f4mico da cidade. Estamos fomentando eventos important\u00edssimos que atraem pessoas de todas as partes do pa\u00eds, e a opera\u00e7\u00e3o de voos comerciais di\u00e1rios \u00e9 fundamental\u201d, refor\u00e7a.<br><br>A advogada Ana Roberta de Oliveira estava entre os passageiros do primeiro voo e contou a experi\u00eancia na viagem. \u201cFoi um voo excelente, trabalhei o dia todo, sa\u00ed de Belo Horizonte por volta das 18h, cheguei aqui \u00e0s 19h. Foi um voo r\u00e1pido e tranquilo, gostei muito\u201d, explica.<br><\/p>\n","protected":false},"excerpt":{"rendered":"<p>Mais desenvolvimento econ\u00f4mico e turismo para Arax\u00e1. Os voos comerciais foram retomados no Aeroporto Municipal Romeu Zema por meio da<\/p>\n","protected":false},"author":2,"featured_media":5315,"comment_status":"open","ping_status":"open","sticky":false,"template":"","format":"standard","meta":{"footnotes":""},"categories":[9,11],"tags":[],"class_list":["post-5314","post","type-post","status-publish","format-standard","has-post-thumbnail","hentry","category-araxa","category-destaques"],"_links":{"self":[{"href":"http:\/\/blogdoarmindomaia.com.br\/index.php?rest_route=\/wp\/v2\/posts\/5314","targetHints":{"allow":["GET"]}}],"collection":[{"href":"http:\/\/blogdoarmindomaia.com.br\/index.php?rest_route=\/wp\/v2\/posts"}],"about":[{"href":"http:\/\/blogdoarmindomaia.com.br\/index.php?rest_route=\/wp\/v2\/types\/post"}],"author":[{"embeddable":true,"href":"http:\/\/blogdoarmindomaia.com.br\/index.php?rest_route=\/wp\/v2\/users\/2"}],"replies":[{"embeddable":true,"href":"http:\/\/blogdoarmindomaia.com.br\/index.php?rest_route=%2Fwp%2Fv2%2Fcomments&post=5314"}],"version-history":[{"count":1,"href":"http:\/\/blogdoarmindomaia.com.br\/index.php?rest_route=\/wp\/v2\/posts\/5314\/revisions"}],"predecessor-version":[{"id":5319,"href":"http:\/\/blogdoarmindomaia.com.br\/index.php?rest_route=\/wp\/v2\/posts\/5314\/revisions\/5319"}],"wp:featuredmedia":[{"embeddable":true,"href":"http:\/\/blogdoarmindomaia.com.br\/index.php?rest_route=\/wp\/v2\/media\/5315"}],"wp:attachment":[{"href":"http:\/\/blogdoarmindomaia.com.br\/index.php?rest_route=%2Fwp%2Fv2%2Fmedia&parent=5314"}],"wp:term":[{"taxonomy":"category","embeddable":true,"href":"http:\/\/blogdoarmindomaia.com.br\/index.php?rest_route=%2Fwp%2Fv2%2Fcategories&post=5314"},{"taxonomy":"post_tag","embeddable":true,"href":"http:\/\/blogdoarmindomaia.com.br\/index.php?rest_route=%2Fwp%2Fv2%2Ftags&post=5314"}],"curies":[{"name":"wp","href":"https:\/\/api.w.org\/{rel}","templated":true}]}}