{"id":5321,"date":"2023-06-06T14:34:54","date_gmt":"2023-06-06T17:34:54","guid":{"rendered":"http:\/\/blogdoarmindomaia.com.br\/?p=5321"},"modified":"2023-06-06T14:34:56","modified_gmt":"2023-06-06T17:34:56","slug":"joao-bosco-e-orquestra-ouro-preto-se-apresentaram-para-milhares-de-pessoas-em-araxa","status":"publish","type":"post","link":"http:\/\/blogdoarmindomaia.com.br\/?p=5321","title":{"rendered":"Jo\u00e3o Bosco e Orquestra Ouro Preto se apresentaram para milhares de pessoas em Arax\u00e1"},"content":{"rendered":"\n<p><\/p>\n\n\n\n<figure class=\"wp-block-image size-full is-style-default\"><img loading=\"lazy\" decoding=\"async\" width=\"1024\" height=\"683\" src=\"http:\/\/blogdoarmindomaia.com.br\/wp-content\/uploads\/2023\/06\/joao-bosco-e-orquestra-1.jpeg\" alt=\"\" class=\"wp-image-5322\" srcset=\"http:\/\/blogdoarmindomaia.com.br\/wp-content\/uploads\/2023\/06\/joao-bosco-e-orquestra-1.jpeg 1024w, http:\/\/blogdoarmindomaia.com.br\/wp-content\/uploads\/2023\/06\/joao-bosco-e-orquestra-1-300x200.jpeg 300w, http:\/\/blogdoarmindomaia.com.br\/wp-content\/uploads\/2023\/06\/joao-bosco-e-orquestra-1-768x512.jpeg 768w\" sizes=\"auto, (max-width: 1024px) 100vw, 1024px\" \/><\/figure>\n\n\n\n<p>Fim de tarde com um espet\u00e1culo de ritmos, carregado de emo\u00e7\u00e3o e versatilidade! Um dos principais nomes da m\u00fasica popular brasileira e uma das mais prestigiadas forma\u00e7\u00f5es orquestrais do pa\u00eds se apresentaram em Arax\u00e1, no \u00faltimo domingo, dia 4 de junho, no P\u00e1tio da Funda\u00e7\u00e3o Cultural Calmon Barreto. O evento reuniu milhares de pessoas, de todas as faixas et\u00e1rias, que prestigiaram aproximadamente duas horas de apresenta\u00e7\u00e3o.<br><br>O espet\u00e1culo recebeu a parceria da Prefeitura de Arax\u00e1, por meio da Funda\u00e7\u00e3o Cultural Calmon Barreto, e patroc\u00ednio da CBMM atrav\u00e9s da Lei Federal de Incentivo \u00e0 Cultura, em promo\u00e7\u00e3o do disco hom\u00f4nimo, lan\u00e7ado em 2022 em todas as plataformas de \u00e1udio.<br><br>Para a presidente da Funda\u00e7\u00e3o Cultural Calmon Barreto (FCCB), Cynthia Ver\u00e7osa, o evento teve como objetivo fazer a integra\u00e7\u00e3o da m\u00fasica, da arte e da cultura com a comunidade. \u201cA apresenta\u00e7\u00e3o da Orquestra Ouro Preto, com a participa\u00e7\u00e3o do compositor Jo\u00e3o Bosco, vem ao encontro de nossos objetivos enquanto Administra\u00e7\u00e3o Municipal. \u00c9 fomentar a cultura na cidade de Arax\u00e1, proporcionando apresenta\u00e7\u00f5es de forma gratuita para toda a comunidade. Eventos como esse, de alto teor art\u00edstico musical, contribuem para a forma\u00e7\u00e3o e transforma\u00e7\u00e3o de uma sociedade\u201d, refor\u00e7a.<br><br>A aposentada Marta Isabel Rosa conta o quanto gostou da apresenta\u00e7\u00e3o. \u201cEventos como esse s\u00f3 acrescentam, pois, cultura nunca \u00e9 demais. Um cara fant\u00e1stico como o Jo\u00e3o Bosco, que re\u00fane essa quantidade de gente, crian\u00e7as, adultos, idosos, que curtem uma boa m\u00fasica, num final de tarde, \u00e9 tudo que Arax\u00e1 precisava. Eu s\u00f3 tenho a agradecer e eu n\u00e3o perco um evento, porque realmente \u00e9 fant\u00e1stico\u201d, destaca.<\/p>\n\n\n\n<figure class=\"wp-block-image size-full is-style-default\"><img loading=\"lazy\" decoding=\"async\" width=\"1024\" height=\"683\" src=\"http:\/\/blogdoarmindomaia.com.br\/wp-content\/uploads\/2023\/06\/joao-bosco-e-orquestra-11.jpeg\" alt=\"\" class=\"wp-image-5324\" srcset=\"http:\/\/blogdoarmindomaia.com.br\/wp-content\/uploads\/2023\/06\/joao-bosco-e-orquestra-11.jpeg 1024w, http:\/\/blogdoarmindomaia.com.br\/wp-content\/uploads\/2023\/06\/joao-bosco-e-orquestra-11-300x200.jpeg 300w, http:\/\/blogdoarmindomaia.com.br\/wp-content\/uploads\/2023\/06\/joao-bosco-e-orquestra-11-768x512.jpeg 768w\" sizes=\"auto, (max-width: 1024px) 100vw, 1024px\" \/><\/figure>\n\n\n\n<figure class=\"wp-block-image size-full is-style-default\"><img loading=\"lazy\" decoding=\"async\" width=\"1024\" height=\"683\" src=\"http:\/\/blogdoarmindomaia.com.br\/wp-content\/uploads\/2023\/06\/joao-bosco-e-orquestra-3.jpeg\" alt=\"\" class=\"wp-image-5323\" srcset=\"http:\/\/blogdoarmindomaia.com.br\/wp-content\/uploads\/2023\/06\/joao-bosco-e-orquestra-3.jpeg 1024w, http:\/\/blogdoarmindomaia.com.br\/wp-content\/uploads\/2023\/06\/joao-bosco-e-orquestra-3-300x200.jpeg 300w, http:\/\/blogdoarmindomaia.com.br\/wp-content\/uploads\/2023\/06\/joao-bosco-e-orquestra-3-768x512.jpeg 768w\" sizes=\"auto, (max-width: 1024px) 100vw, 1024px\" \/><\/figure>\n","protected":false},"excerpt":{"rendered":"<p>Fim de tarde com um espet\u00e1culo de ritmos, carregado de emo\u00e7\u00e3o e versatilidade! Um dos principais nomes da m\u00fasica popular<\/p>\n","protected":false},"author":2,"featured_media":5324,"comment_status":"open","ping_status":"open","sticky":false,"template":"","format":"standard","meta":{"footnotes":""},"categories":[9,11],"tags":[],"class_list":["post-5321","post","type-post","status-publish","format-standard","has-post-thumbnail","hentry","category-araxa","category-destaques"],"_links":{"self":[{"href":"http:\/\/blogdoarmindomaia.com.br\/index.php?rest_route=\/wp\/v2\/posts\/5321","targetHints":{"allow":["GET"]}}],"collection":[{"href":"http:\/\/blogdoarmindomaia.com.br\/index.php?rest_route=\/wp\/v2\/posts"}],"about":[{"href":"http:\/\/blogdoarmindomaia.com.br\/index.php?rest_route=\/wp\/v2\/types\/post"}],"author":[{"embeddable":true,"href":"http:\/\/blogdoarmindomaia.com.br\/index.php?rest_route=\/wp\/v2\/users\/2"}],"replies":[{"embeddable":true,"href":"http:\/\/blogdoarmindomaia.com.br\/index.php?rest_route=%2Fwp%2Fv2%2Fcomments&post=5321"}],"version-history":[{"count":1,"href":"http:\/\/blogdoarmindomaia.com.br\/index.php?rest_route=\/wp\/v2\/posts\/5321\/revisions"}],"predecessor-version":[{"id":5325,"href":"http:\/\/blogdoarmindomaia.com.br\/index.php?rest_route=\/wp\/v2\/posts\/5321\/revisions\/5325"}],"wp:featuredmedia":[{"embeddable":true,"href":"http:\/\/blogdoarmindomaia.com.br\/index.php?rest_route=\/wp\/v2\/media\/5324"}],"wp:attachment":[{"href":"http:\/\/blogdoarmindomaia.com.br\/index.php?rest_route=%2Fwp%2Fv2%2Fmedia&parent=5321"}],"wp:term":[{"taxonomy":"category","embeddable":true,"href":"http:\/\/blogdoarmindomaia.com.br\/index.php?rest_route=%2Fwp%2Fv2%2Fcategories&post=5321"},{"taxonomy":"post_tag","embeddable":true,"href":"http:\/\/blogdoarmindomaia.com.br\/index.php?rest_route=%2Fwp%2Fv2%2Ftags&post=5321"}],"curies":[{"name":"wp","href":"https:\/\/api.w.org\/{rel}","templated":true}]}}