{"id":5326,"date":"2023-06-06T14:36:44","date_gmt":"2023-06-06T17:36:44","guid":{"rendered":"http:\/\/blogdoarmindomaia.com.br\/?p=5326"},"modified":"2023-06-06T14:36:46","modified_gmt":"2023-06-06T17:36:46","slug":"semana-do-meio-ambiente-em-araxa-destaca-o-consumo-consciente","status":"publish","type":"post","link":"http:\/\/blogdoarmindomaia.com.br\/?p=5326","title":{"rendered":"Semana do Meio Ambiente em Arax\u00e1 destaca o consumo consciente"},"content":{"rendered":"\n<figure class=\"wp-block-image size-full is-style-default\"><img loading=\"lazy\" decoding=\"async\" width=\"1024\" height=\"683\" src=\"http:\/\/blogdoarmindomaia.com.br\/wp-content\/uploads\/2023\/06\/Semana-do-Meio-Ambiente-em-Araxa-destaca-o-consumo-consciente-pag-03.jpeg\" alt=\"\" class=\"wp-image-5327\" srcset=\"http:\/\/blogdoarmindomaia.com.br\/wp-content\/uploads\/2023\/06\/Semana-do-Meio-Ambiente-em-Araxa-destaca-o-consumo-consciente-pag-03.jpeg 1024w, http:\/\/blogdoarmindomaia.com.br\/wp-content\/uploads\/2023\/06\/Semana-do-Meio-Ambiente-em-Araxa-destaca-o-consumo-consciente-pag-03-300x200.jpeg 300w, http:\/\/blogdoarmindomaia.com.br\/wp-content\/uploads\/2023\/06\/Semana-do-Meio-Ambiente-em-Araxa-destaca-o-consumo-consciente-pag-03-768x512.jpeg 768w\" sizes=\"auto, (max-width: 1024px) 100vw, 1024px\" \/><\/figure>\n\n\n\n<p>Exposi\u00e7\u00e3o de trabalhos estudantis para concursos, pe\u00e7a teatral, muita gargalhada e reflex\u00e3o. Assim foi a abertura da Semana do Meio Ambiente, realizada pela Prefeitura de Arax\u00e1, por meio do Instituto de Planejamento e Desenvolvimento Sustent\u00e1vel de Arax\u00e1 (IPDSA) e diversos parceiros. A cerim\u00f4nia de abertura aconteceu no Centro Cultural do Uniarax\u00e1, na tarde desta segunda-feira (5), dia em que \u00e9 celebrado o Dia Mundial do Meio Ambiente. O espa\u00e7o ficou lotado com alunos da Escola Municipal de Aplica\u00e7\u00e3o L\u00e9lia Guimar\u00e3es, Escola Estadual Armando Santos e Col\u00e9gio Atena, al\u00e9m de educadores, gestores, os vereadores Bosco J\u00fanior (presidente da C\u00e2mara Municipal), Wellington Martins, Evaldo do Ferrocarril e Raphael Rios e demais autoridades. Na ocasi\u00e3o, foi apresentada a pe\u00e7a teatral \u201cDona Maricota e Seu Carlota: Meio Ambiente, Consumo Consciente\u201d, uma reflex\u00e3o para refor\u00e7ar, de maneira l\u00fadica, que o desenvolvimento da cidade e o cuidado com a natureza devem andar sempre juntos.<br>A garotada animada participou ativamente da apresenta\u00e7\u00e3o e aprendeu a li\u00e7\u00e3o: conversar com os familiares e amigos sobre meio ambiente \u00e9 coisa s\u00e9ria e que as a\u00e7\u00f5es que aprendem na escola podem fazer toda a diferen\u00e7a no futuro. O evento tamb\u00e9m contou com a exposi\u00e7\u00e3o dos concursos \u201cReciclando e Brincando\u201d e \u201cMascote Coleta Seletiva\u201d. A\u00e7\u00e3o do IPDSA em parceria com a iniciativa privada, que vem trabalhando, desde abril, com a conscientiza\u00e7\u00e3o de alunos e familiares sobre a import\u00e2ncia de preservar o meio ambiente e ir\u00e1 premiar estudantes e escolas na pr\u00f3xima semana. As a\u00e7\u00f5es da Semana do Meio Ambiente acontecem at\u00e9 o pr\u00f3ximo dia 13 de junho (ter\u00e7a-feira). O superintendente do IPDSA, Vin\u00edcius Martins, ressalta a necessidade de discutir o tema deste ano &#8211; \u201cArax\u00e1 Separa Seu Lixo\u201d &#8211; e de falar de Educa\u00e7\u00e3o Ambiental e Sustentabilidade. \u201cComo cidad\u00e3os conscientes, temos a responsabilidade de cuidar do nosso planeta e garantir um futuro sustent\u00e1vel para as pr\u00f3ximas gera\u00e7\u00f5es. Por isso \u00e9 t\u00e3o importante incentivar a participa\u00e7\u00e3o ativa da comunidade em rela\u00e7\u00e3o a este tema. A Semana do Meio Ambiente \u00e9 uma oportunidade para refletirmos sobre a nossa pr\u00e1tica e reafirmarmos o nosso compromisso com a sustentabilidade\u201d, refor\u00e7a.<\/p>\n","protected":false},"excerpt":{"rendered":"<p>Exposi\u00e7\u00e3o de trabalhos estudantis para concursos, pe\u00e7a teatral, muita gargalhada e reflex\u00e3o. Assim foi a abertura da Semana do Meio<\/p>\n","protected":false},"author":2,"featured_media":5327,"comment_status":"open","ping_status":"open","sticky":false,"template":"","format":"standard","meta":{"footnotes":""},"categories":[9,11],"tags":[],"class_list":["post-5326","post","type-post","status-publish","format-standard","has-post-thumbnail","hentry","category-araxa","category-destaques"],"_links":{"self":[{"href":"http:\/\/blogdoarmindomaia.com.br\/index.php?rest_route=\/wp\/v2\/posts\/5326","targetHints":{"allow":["GET"]}}],"collection":[{"href":"http:\/\/blogdoarmindomaia.com.br\/index.php?rest_route=\/wp\/v2\/posts"}],"about":[{"href":"http:\/\/blogdoarmindomaia.com.br\/index.php?rest_route=\/wp\/v2\/types\/post"}],"author":[{"embeddable":true,"href":"http:\/\/blogdoarmindomaia.com.br\/index.php?rest_route=\/wp\/v2\/users\/2"}],"replies":[{"embeddable":true,"href":"http:\/\/blogdoarmindomaia.com.br\/index.php?rest_route=%2Fwp%2Fv2%2Fcomments&post=5326"}],"version-history":[{"count":1,"href":"http:\/\/blogdoarmindomaia.com.br\/index.php?rest_route=\/wp\/v2\/posts\/5326\/revisions"}],"predecessor-version":[{"id":5328,"href":"http:\/\/blogdoarmindomaia.com.br\/index.php?rest_route=\/wp\/v2\/posts\/5326\/revisions\/5328"}],"wp:featuredmedia":[{"embeddable":true,"href":"http:\/\/blogdoarmindomaia.com.br\/index.php?rest_route=\/wp\/v2\/media\/5327"}],"wp:attachment":[{"href":"http:\/\/blogdoarmindomaia.com.br\/index.php?rest_route=%2Fwp%2Fv2%2Fmedia&parent=5326"}],"wp:term":[{"taxonomy":"category","embeddable":true,"href":"http:\/\/blogdoarmindomaia.com.br\/index.php?rest_route=%2Fwp%2Fv2%2Fcategories&post=5326"},{"taxonomy":"post_tag","embeddable":true,"href":"http:\/\/blogdoarmindomaia.com.br\/index.php?rest_route=%2Fwp%2Fv2%2Ftags&post=5326"}],"curies":[{"name":"wp","href":"https:\/\/api.w.org\/{rel}","templated":true}]}}