{"id":5329,"date":"2023-06-06T14:42:31","date_gmt":"2023-06-06T17:42:31","guid":{"rendered":"http:\/\/blogdoarmindomaia.com.br\/?p=5329"},"modified":"2023-06-06T14:42:33","modified_gmt":"2023-06-06T17:42:33","slug":"jane-porfirio-retorna-as-competicoes-de-ciclismo-no-templo-da-formula-1","status":"publish","type":"post","link":"http:\/\/blogdoarmindomaia.com.br\/?p=5329","title":{"rendered":"Jane Porf\u00edrio retorna \u00e0s competi\u00e7\u00f5es de ciclismo no templo da F\u00f3rmula 1"},"content":{"rendered":"\n<figure class=\"wp-block-image size-large is-style-default\"><img loading=\"lazy\" decoding=\"async\" width=\"1024\" height=\"682\" src=\"http:\/\/blogdoarmindomaia.com.br\/wp-content\/uploads\/2023\/06\/Jane-Porfirio-retorna-as-competicoes-de-cliclismo-no-templo-da-Formulaa-1-pag-09-1024x682.jpeg\" alt=\"\" class=\"wp-image-5330\" srcset=\"http:\/\/blogdoarmindomaia.com.br\/wp-content\/uploads\/2023\/06\/Jane-Porfirio-retorna-as-competicoes-de-cliclismo-no-templo-da-Formulaa-1-pag-09-1024x682.jpeg 1024w, http:\/\/blogdoarmindomaia.com.br\/wp-content\/uploads\/2023\/06\/Jane-Porfirio-retorna-as-competicoes-de-cliclismo-no-templo-da-Formulaa-1-pag-09-300x200.jpeg 300w, http:\/\/blogdoarmindomaia.com.br\/wp-content\/uploads\/2023\/06\/Jane-Porfirio-retorna-as-competicoes-de-cliclismo-no-templo-da-Formulaa-1-pag-09-768x512.jpeg 768w, http:\/\/blogdoarmindomaia.com.br\/wp-content\/uploads\/2023\/06\/Jane-Porfirio-retorna-as-competicoes-de-cliclismo-no-templo-da-Formulaa-1-pag-09.jpeg 1280w\" sizes=\"auto, (max-width: 1024px) 100vw, 1024px\" \/><\/figure>\n\n\n\n<figure class=\"wp-block-image size-large is-style-default\"><img loading=\"lazy\" decoding=\"async\" width=\"1024\" height=\"682\" src=\"http:\/\/blogdoarmindomaia.com.br\/wp-content\/uploads\/2023\/06\/jane_interlagos-15-1024x682.jpeg\" alt=\"\" class=\"wp-image-5331\" srcset=\"http:\/\/blogdoarmindomaia.com.br\/wp-content\/uploads\/2023\/06\/jane_interlagos-15-1024x682.jpeg 1024w, http:\/\/blogdoarmindomaia.com.br\/wp-content\/uploads\/2023\/06\/jane_interlagos-15-300x200.jpeg 300w, http:\/\/blogdoarmindomaia.com.br\/wp-content\/uploads\/2023\/06\/jane_interlagos-15-768x512.jpeg 768w, http:\/\/blogdoarmindomaia.com.br\/wp-content\/uploads\/2023\/06\/jane_interlagos-15.jpeg 1280w\" sizes=\"auto, (max-width: 1024px) 100vw, 1024px\" \/><\/figure>\n\n\n\n<figure class=\"wp-block-image size-large is-style-default\"><img loading=\"lazy\" decoding=\"async\" width=\"1024\" height=\"682\" src=\"http:\/\/blogdoarmindomaia.com.br\/wp-content\/uploads\/2023\/06\/jane_interlagos-3-1024x682.jpeg\" alt=\"\" class=\"wp-image-5332\" srcset=\"http:\/\/blogdoarmindomaia.com.br\/wp-content\/uploads\/2023\/06\/jane_interlagos-3-1024x682.jpeg 1024w, http:\/\/blogdoarmindomaia.com.br\/wp-content\/uploads\/2023\/06\/jane_interlagos-3-300x200.jpeg 300w, http:\/\/blogdoarmindomaia.com.br\/wp-content\/uploads\/2023\/06\/jane_interlagos-3-768x512.jpeg 768w, http:\/\/blogdoarmindomaia.com.br\/wp-content\/uploads\/2023\/06\/jane_interlagos-3.jpeg 1280w\" sizes=\"auto, (max-width: 1024px) 100vw, 1024px\" \/><\/figure>\n\n\n\n<p>Ap\u00f3s quase um ano afastada das competi\u00e7\u00f5es de ciclismo, a atleta araxaense Jane Porf\u00edrio participou na noite deste s\u00e1bado (03), em S\u00e3o Paulo, da s\u00e9tima edi\u00e7\u00e3o das Tr\u00eas Horas de Interlagos. A prova no templo da F\u00f3rmula 1 marcou uma data especial, o Dia Mundial da Bicicleta. \u201cA melhor comemora\u00e7\u00e3o que existe \u00e9 estarmos aqui com milhares de atletas de todo o pa\u00eds nesta festa do esporte que acontece onde Ayrton Senna, meu \u00eddolo, um \u00eddolo do mundo, corria\u201d, disse.<\/p>\n\n\n\n<p><\/p>\n\n\n\n<p>A competi\u00e7\u00e3o, que teve in\u00edcio \u00e0s 19h e t\u00e9rmino \u00e0s 22h, contou com um diferencial em rela\u00e7\u00e3o \u00e0s edi\u00e7\u00f5es anteriores. Ap\u00f3s sete anos, o evento foi realizado novamente \u00e0 noite, trazendo um desafio adicional aos ciclistas. Para garantir a seguran\u00e7a de todos os participantes, foram instaladas 100 torres de ilumina\u00e7\u00e3o ao longo do percurso, proporcionando visibilidade ideal durante toda a prova.<\/p>\n\n\n\n<p>No sentido do circuito oficial da F\u00f3rmula 1, os competidores tiveram o desafio de completar o maior n\u00famero poss\u00edvel de voltas em um per\u00edodo de tr\u00eas horas, na pista com 4.250 metros de extens\u00e3o e 89 metros de altimetria acumulada por volta. A experiente ciclista Jane Porf\u00edrio competiu na categoria Sport feminino 55\/59. \u201cConsegui fazer 16 voltas, com o melhor tempo de 10&#8242; 35&#8243; 621&#8243;&#8216;. Eu fiz o m\u00e1ximo, lutei at\u00e9 o \u00faltimo momento, acreditando, fiz muita for\u00e7a. Fiquei muito feliz com o meu desempenho\u201d, ressalta Jane, que terminou a prova em s\u00e9timo lugar.<\/p>\n\n\n\n<p><strong>Retorno<\/strong><\/p>\n\n\n\n<p>A \u00faltima vez que Jane participou de uma competi\u00e7\u00e3o no ciclismo foi em julho de 2022, em Coimbra, Portugal, onde conquistou o terceiro lugar na UCI Grand Fondo World S\u00e9ries, repetindo a coloca\u00e7\u00e3o de 2020, no Marrocos. O retorno de Jane Porf\u00edrio \u00e0s competi\u00e7\u00f5es \u00e9 uma inspira\u00e7\u00e3o para todos os atletas que buscam superar desafios e retomar suas paix\u00f5es.<\/p>\n\n\n\n<p>Antes da prova em Interlagos, a atleta visitou locais que foram palco de momentos inesquec\u00edveis protagonizados por \u00edcones como Ayrton Senna. \u201cEle \u00e9 um \u00eddolo e estar em Interlagos, poder correr onde ele foi tantas vezes campe\u00e3o \u00e9 algo \u00edmpar. Senna foi um exemplo de for\u00e7a e, como eu sempre digo, de acreditar em si mesmo\u201d, comenta.<\/p>\n\n\n\n<p>Com essa inspira\u00e7\u00e3o, al\u00e9m de seu talento e experi\u00eancia, Jane j\u00e1 tem novos desafios pela frente e planeja um calend\u00e1rio espec\u00edfico para o ciclismo no segundo semestre. Um exemplo de perseveran\u00e7a e motiva\u00e7\u00e3o para todos aqueles que compartilham o amor pelo esporte.<\/p>\n","protected":false},"excerpt":{"rendered":"<p>Ap\u00f3s quase um ano afastada das competi\u00e7\u00f5es de ciclismo, a atleta araxaense Jane Porf\u00edrio participou na noite deste s\u00e1bado (03),<\/p>\n","protected":false},"author":2,"featured_media":5330,"comment_status":"open","ping_status":"open","sticky":false,"template":"","format":"standard","meta":{"footnotes":""},"categories":[9,11],"tags":[],"class_list":["post-5329","post","type-post","status-publish","format-standard","has-post-thumbnail","hentry","category-araxa","category-destaques"],"_links":{"self":[{"href":"http:\/\/blogdoarmindomaia.com.br\/index.php?rest_route=\/wp\/v2\/posts\/5329","targetHints":{"allow":["GET"]}}],"collection":[{"href":"http:\/\/blogdoarmindomaia.com.br\/index.php?rest_route=\/wp\/v2\/posts"}],"about":[{"href":"http:\/\/blogdoarmindomaia.com.br\/index.php?rest_route=\/wp\/v2\/types\/post"}],"author":[{"embeddable":true,"href":"http:\/\/blogdoarmindomaia.com.br\/index.php?rest_route=\/wp\/v2\/users\/2"}],"replies":[{"embeddable":true,"href":"http:\/\/blogdoarmindomaia.com.br\/index.php?rest_route=%2Fwp%2Fv2%2Fcomments&post=5329"}],"version-history":[{"count":1,"href":"http:\/\/blogdoarmindomaia.com.br\/index.php?rest_route=\/wp\/v2\/posts\/5329\/revisions"}],"predecessor-version":[{"id":5333,"href":"http:\/\/blogdoarmindomaia.com.br\/index.php?rest_route=\/wp\/v2\/posts\/5329\/revisions\/5333"}],"wp:featuredmedia":[{"embeddable":true,"href":"http:\/\/blogdoarmindomaia.com.br\/index.php?rest_route=\/wp\/v2\/media\/5330"}],"wp:attachment":[{"href":"http:\/\/blogdoarmindomaia.com.br\/index.php?rest_route=%2Fwp%2Fv2%2Fmedia&parent=5329"}],"wp:term":[{"taxonomy":"category","embeddable":true,"href":"http:\/\/blogdoarmindomaia.com.br\/index.php?rest_route=%2Fwp%2Fv2%2Fcategories&post=5329"},{"taxonomy":"post_tag","embeddable":true,"href":"http:\/\/blogdoarmindomaia.com.br\/index.php?rest_route=%2Fwp%2Fv2%2Ftags&post=5329"}],"curies":[{"name":"wp","href":"https:\/\/api.w.org\/{rel}","templated":true}]}}