{"id":5340,"date":"2023-06-07T14:38:58","date_gmt":"2023-06-07T17:38:58","guid":{"rendered":"http:\/\/blogdoarmindomaia.com.br\/?p=5340"},"modified":"2023-06-07T14:39:00","modified_gmt":"2023-06-07T17:39:00","slug":"programa-municipal-de-gestao-e-planejamento-estrategico-de-araxa-registra-queda-orcamentaria","status":"publish","type":"post","link":"http:\/\/blogdoarmindomaia.com.br\/?p=5340","title":{"rendered":"Programa Municipal de Gest\u00e3o e Planejamento Estrat\u00e9gico de Arax\u00e1 registra queda or\u00e7ament\u00e1ria"},"content":{"rendered":"\n<figure class=\"wp-block-image size-full is-style-default\"><img loading=\"lazy\" decoding=\"async\" width=\"1024\" height=\"683\" src=\"http:\/\/blogdoarmindomaia.com.br\/wp-content\/uploads\/2023\/06\/Programa-Municipal-de-Gestao-e-Planejamento-Estrategico-pag-04.jpeg\" alt=\"\" class=\"wp-image-5341\" srcset=\"http:\/\/blogdoarmindomaia.com.br\/wp-content\/uploads\/2023\/06\/Programa-Municipal-de-Gestao-e-Planejamento-Estrategico-pag-04.jpeg 1024w, http:\/\/blogdoarmindomaia.com.br\/wp-content\/uploads\/2023\/06\/Programa-Municipal-de-Gestao-e-Planejamento-Estrategico-pag-04-300x200.jpeg 300w, http:\/\/blogdoarmindomaia.com.br\/wp-content\/uploads\/2023\/06\/Programa-Municipal-de-Gestao-e-Planejamento-Estrategico-pag-04-768x512.jpeg 768w\" sizes=\"auto, (max-width: 1024px) 100vw, 1024px\" \/><\/figure>\n\n\n\n<p>Munic\u00edpios de todo o Brasil t\u00eam registrado queda de arrecada\u00e7\u00e3o em rela\u00e7\u00e3o \u00e0 previs\u00e3o or\u00e7ament\u00e1ria prevista para 2023. Os recursos provenientes do Imposto sobre Circula\u00e7\u00e3o de Mercadorias e Servi\u00e7os (ICMS) e do Imposto Sobre Servi\u00e7os (ISS) t\u00eam registrado quedas reais nos cofres p\u00fablicos municipais. Com o dif\u00edcil cen\u00e1rio econ\u00f4mico do pa\u00eds, o Programa Municipal de Gest\u00e3o e Planejamento Estrat\u00e9gico Integrado registrou uma queda de cerca de R$ 28 milh\u00f5es s\u00f3 do Imposto sobre Opera\u00e7\u00f5es relativas \u00e0 Circula\u00e7\u00e3o de Mercadorias e sobre Presta\u00e7\u00e3o de Servi\u00e7os de Transporte Interestadual e Intermunicipal (ICMS) em rela\u00e7\u00e3o ao que foi estimado pelo Munic\u00edpio para os quatro primeiros meses do ano. O programa de gest\u00e3o estrat\u00e9gica, implantado pelo Munic\u00edpio de Arax\u00e1 no ano passado, monitora permanentemente a arrecada\u00e7\u00e3o municipal e os gastos p\u00fablicos, orientando os agentes p\u00fablicos de cada secretaria, autarquias e funda\u00e7\u00f5es p\u00fablicas municipais, nas tomadas de decis\u00f5es e defini\u00e7\u00f5es de prioridades. O objetivo \u00e9 garantir a efic\u00e1cia da gest\u00e3o p\u00fablica, promovendo pol\u00edticas p\u00fablicas e a\u00e7\u00f5es eficientes e, por consequ\u00eancia, a melhoria das condi\u00e7\u00f5es de vida da popula\u00e7\u00e3o. O Programa Municipal de Gest\u00e3o e Planejamento Estrat\u00e9gico Integrado \u00e9 desenvolvido pela Secretaria Municipal de Governo, Secretaria Municipal de Fazenda e Controladoria e Auditoria Geral do Munic\u00edpio. Dados do programa apontam para uma receita do Munic\u00edpio prevista para o 1\u00ba quadrimestre de R$ 217.460.646,00. Por\u00e9m, o valor efetivamente arrecadado foi de R$ 207.620.172,67.&nbsp; Ou seja, uma diferen\u00e7a a menor, entre o que foi estimado (or\u00e7amento) e o que foi arrecadado (financeiro), em torno de R$ 9.840.000,00 no 1\u00ba quadrimestre de 2023. A previs\u00e3o or\u00e7ament\u00e1ria do Munic\u00edpio para o ano de 2023 \u00e9 de R$ 720 milh\u00f5es, um aumento de R$ 178 milh\u00f5es em rela\u00e7\u00e3o \u00e0 2022 quando a previs\u00e3o or\u00e7ament\u00e1ria era de R$ 542 milh\u00f5es. Por\u00e9m, s\u00f3 em rela\u00e7\u00e3o ao Imposto sobre Opera\u00e7\u00f5es relativas \u00e0 Circula\u00e7\u00e3o de Mercadorias e sobre Presta\u00e7\u00e3o de Servi\u00e7os de Transporte Interestadual e Intermunicipal (ICMS) houve uma queda de cerca de R$ 28 milh\u00f5es em rela\u00e7\u00e3o ao que foi estimado no cronograma mensal de receita, que \u00e9 enviado no in\u00edcio do exerc\u00edcio financeiro ao Tribunal de Contas do Estado de Minas Gerais. Mesmo diante ao cen\u00e1rio econ\u00f4mico nacional, o munic\u00edpio de Arax\u00e1 registrou um super\u00e1vit no primeiro quadrimestre de 2023. Comparando os recursos efetivamente arrecadados (receita) e as despesas (pagamentos efetuados), houve um saldo positivo de R$ 6.348.000,00 no 1\u00ba quadrimestre devido \u00e0s a\u00e7\u00f5es implantadas pelo Programa Municipal de Gest\u00e3o e Planejamento Estrat\u00e9gico Integrado.<br>De acordo com o controlador e auditor geral do Munic\u00edpio, Bruno Borges Almeida, os munic\u00edpios de todo o pa\u00eds devem monitorar cuidadosamente a arrecada\u00e7\u00e3o neste ano. \u201cDe fato, houve queda da arrecada\u00e7\u00e3o da grande maioria dos munic\u00edpios brasileiros por conta do ICMS, em especial no Munic\u00edpio de Arax\u00e1 devido \u00e0 sua principal atividade econ\u00f4mica: minera\u00e7\u00e3o. Por isso, o Programa Municipal de Gest\u00e3o e Planejamento Estrat\u00e9gico Integrado tem adotado, em car\u00e1ter preventivo, medidas de conten\u00e7\u00e3o de novos gastos enquanto n\u00e3o se normalizar a situa\u00e7\u00e3o de arrecada\u00e7\u00e3o minimamente esperada\u201d, destaca Bruno.<br><\/p>\n","protected":false},"excerpt":{"rendered":"<p>Munic\u00edpios de todo o Brasil t\u00eam registrado queda de arrecada\u00e7\u00e3o em rela\u00e7\u00e3o \u00e0 previs\u00e3o or\u00e7ament\u00e1ria prevista para 2023. Os recursos<\/p>\n","protected":false},"author":2,"featured_media":5341,"comment_status":"open","ping_status":"open","sticky":false,"template":"","format":"standard","meta":{"footnotes":""},"categories":[9,11],"tags":[],"class_list":["post-5340","post","type-post","status-publish","format-standard","has-post-thumbnail","hentry","category-araxa","category-destaques"],"_links":{"self":[{"href":"http:\/\/blogdoarmindomaia.com.br\/index.php?rest_route=\/wp\/v2\/posts\/5340","targetHints":{"allow":["GET"]}}],"collection":[{"href":"http:\/\/blogdoarmindomaia.com.br\/index.php?rest_route=\/wp\/v2\/posts"}],"about":[{"href":"http:\/\/blogdoarmindomaia.com.br\/index.php?rest_route=\/wp\/v2\/types\/post"}],"author":[{"embeddable":true,"href":"http:\/\/blogdoarmindomaia.com.br\/index.php?rest_route=\/wp\/v2\/users\/2"}],"replies":[{"embeddable":true,"href":"http:\/\/blogdoarmindomaia.com.br\/index.php?rest_route=%2Fwp%2Fv2%2Fcomments&post=5340"}],"version-history":[{"count":1,"href":"http:\/\/blogdoarmindomaia.com.br\/index.php?rest_route=\/wp\/v2\/posts\/5340\/revisions"}],"predecessor-version":[{"id":5342,"href":"http:\/\/blogdoarmindomaia.com.br\/index.php?rest_route=\/wp\/v2\/posts\/5340\/revisions\/5342"}],"wp:featuredmedia":[{"embeddable":true,"href":"http:\/\/blogdoarmindomaia.com.br\/index.php?rest_route=\/wp\/v2\/media\/5341"}],"wp:attachment":[{"href":"http:\/\/blogdoarmindomaia.com.br\/index.php?rest_route=%2Fwp%2Fv2%2Fmedia&parent=5340"}],"wp:term":[{"taxonomy":"category","embeddable":true,"href":"http:\/\/blogdoarmindomaia.com.br\/index.php?rest_route=%2Fwp%2Fv2%2Fcategories&post=5340"},{"taxonomy":"post_tag","embeddable":true,"href":"http:\/\/blogdoarmindomaia.com.br\/index.php?rest_route=%2Fwp%2Fv2%2Ftags&post=5340"}],"curies":[{"name":"wp","href":"https:\/\/api.w.org\/{rel}","templated":true}]}}