{"id":5346,"date":"2023-06-07T14:44:25","date_gmt":"2023-06-07T17:44:25","guid":{"rendered":"http:\/\/blogdoarmindomaia.com.br\/?p=5346"},"modified":"2023-06-07T14:44:27","modified_gmt":"2023-06-07T17:44:27","slug":"faemg-prefeitura-e-sindicato-dos-produtores-discutem-melhorias-para-a-zona-rural-de-araxa-e-regiao","status":"publish","type":"post","link":"http:\/\/blogdoarmindomaia.com.br\/?p=5346","title":{"rendered":"Faemg Prefeitura e Sindicato dos Produtores discutem melhorias para a Zona Rural de Arax\u00e1 e regi\u00e3o"},"content":{"rendered":"\n<figure class=\"wp-block-image size-full is-style-default\"><img loading=\"lazy\" decoding=\"async\" width=\"1024\" height=\"683\" src=\"http:\/\/blogdoarmindomaia.com.br\/wp-content\/uploads\/2023\/06\/Reuniao-Sindicato-2.jpeg\" alt=\"\" class=\"wp-image-5347\" srcset=\"http:\/\/blogdoarmindomaia.com.br\/wp-content\/uploads\/2023\/06\/Reuniao-Sindicato-2.jpeg 1024w, http:\/\/blogdoarmindomaia.com.br\/wp-content\/uploads\/2023\/06\/Reuniao-Sindicato-2-300x200.jpeg 300w, http:\/\/blogdoarmindomaia.com.br\/wp-content\/uploads\/2023\/06\/Reuniao-Sindicato-2-768x512.jpeg 768w\" sizes=\"auto, (max-width: 1024px) 100vw, 1024px\" \/><\/figure>\n\n\n\n<p>Melhorias para a Zona Rural de Arax\u00e1 e regi\u00e3o foi tema de um encontro promovido pelo Sindicato dos Produtores Rurais. O evento contou com a participa\u00e7\u00e3o do prefeito Robson Magela, do presidente da Federa\u00e7\u00e3o da Agricultura e Pecu\u00e1ria do Estado de Minas Gerais (Faemg), Ant\u00f4nio Pintagui de Salvo, do presidente do sindicato, Osmar Gon\u00e7alves, do secret\u00e1rio-executivo Marcelo Alves Ferreira, e produtores rurais.<br><br>Durante o encontro, o presidente da Faemg reafirmou a import\u00e2ncia de estreitar o relacionamento da Administra\u00e7\u00e3o Municipal com o Sindicato Rural. &#8220;Foi muito bom o encontro. O prefeito Robson Magela demonstrou conhecimento da causa e os produtores, tendo essa linha de acesso franca, podem continuar produzindo e trazendo dinheiro para toda a regi\u00e3o\u201d, explica.<br><br>O prefeito Robson Magela avalia a reuni\u00e3o como extremamente positiva para refor\u00e7ar as demandas da Zona Rural de Arax\u00e1 e regi\u00e3o. \u201cA parceria do Munic\u00edpio com os produtores \u00e9 fundamental para que as demandas sejam atendidas. A reconstru\u00e7\u00e3o das estradas rurais \u00e9 uma das principais delas, e n\u00f3s j\u00e1 estamos conseguindo atender\u201d, destaca o prefeito.<br><\/p>\n","protected":false},"excerpt":{"rendered":"<p>Melhorias para a Zona Rural de Arax\u00e1 e regi\u00e3o foi tema de um encontro promovido pelo Sindicato dos Produtores Rurais.<\/p>\n","protected":false},"author":2,"featured_media":5347,"comment_status":"open","ping_status":"open","sticky":false,"template":"","format":"standard","meta":{"footnotes":""},"categories":[9,11],"tags":[],"class_list":["post-5346","post","type-post","status-publish","format-standard","has-post-thumbnail","hentry","category-araxa","category-destaques"],"_links":{"self":[{"href":"http:\/\/blogdoarmindomaia.com.br\/index.php?rest_route=\/wp\/v2\/posts\/5346","targetHints":{"allow":["GET"]}}],"collection":[{"href":"http:\/\/blogdoarmindomaia.com.br\/index.php?rest_route=\/wp\/v2\/posts"}],"about":[{"href":"http:\/\/blogdoarmindomaia.com.br\/index.php?rest_route=\/wp\/v2\/types\/post"}],"author":[{"embeddable":true,"href":"http:\/\/blogdoarmindomaia.com.br\/index.php?rest_route=\/wp\/v2\/users\/2"}],"replies":[{"embeddable":true,"href":"http:\/\/blogdoarmindomaia.com.br\/index.php?rest_route=%2Fwp%2Fv2%2Fcomments&post=5346"}],"version-history":[{"count":1,"href":"http:\/\/blogdoarmindomaia.com.br\/index.php?rest_route=\/wp\/v2\/posts\/5346\/revisions"}],"predecessor-version":[{"id":5348,"href":"http:\/\/blogdoarmindomaia.com.br\/index.php?rest_route=\/wp\/v2\/posts\/5346\/revisions\/5348"}],"wp:featuredmedia":[{"embeddable":true,"href":"http:\/\/blogdoarmindomaia.com.br\/index.php?rest_route=\/wp\/v2\/media\/5347"}],"wp:attachment":[{"href":"http:\/\/blogdoarmindomaia.com.br\/index.php?rest_route=%2Fwp%2Fv2%2Fmedia&parent=5346"}],"wp:term":[{"taxonomy":"category","embeddable":true,"href":"http:\/\/blogdoarmindomaia.com.br\/index.php?rest_route=%2Fwp%2Fv2%2Fcategories&post=5346"},{"taxonomy":"post_tag","embeddable":true,"href":"http:\/\/blogdoarmindomaia.com.br\/index.php?rest_route=%2Fwp%2Fv2%2Ftags&post=5346"}],"curies":[{"name":"wp","href":"https:\/\/api.w.org\/{rel}","templated":true}]}}