{"id":5358,"date":"2023-06-07T15:28:37","date_gmt":"2023-06-07T18:28:37","guid":{"rendered":"http:\/\/blogdoarmindomaia.com.br\/?p=5358"},"modified":"2023-06-07T15:28:39","modified_gmt":"2023-06-07T18:28:39","slug":"clube-trianon-realiza-plantio-de-mudas-de-arvores-na-semana-do-meio-ambiente","status":"publish","type":"post","link":"http:\/\/blogdoarmindomaia.com.br\/?p=5358","title":{"rendered":"Clube Trianon realiza plantio de mudas de \u00e1rvores na Semana do Meio Ambiente"},"content":{"rendered":"\n<figure class=\"wp-block-image size-full is-style-default\"><img loading=\"lazy\" decoding=\"async\" width=\"1024\" height=\"683\" src=\"http:\/\/blogdoarmindomaia.com.br\/wp-content\/uploads\/2023\/06\/Clube-Trianon-realiza-plantio-de-mudas-de-arvores-pag-03.jpeg\" alt=\"\" class=\"wp-image-5361\" srcset=\"http:\/\/blogdoarmindomaia.com.br\/wp-content\/uploads\/2023\/06\/Clube-Trianon-realiza-plantio-de-mudas-de-arvores-pag-03.jpeg 1024w, http:\/\/blogdoarmindomaia.com.br\/wp-content\/uploads\/2023\/06\/Clube-Trianon-realiza-plantio-de-mudas-de-arvores-pag-03-300x200.jpeg 300w, http:\/\/blogdoarmindomaia.com.br\/wp-content\/uploads\/2023\/06\/Clube-Trianon-realiza-plantio-de-mudas-de-arvores-pag-03-768x512.jpeg 768w\" sizes=\"auto, (max-width: 1024px) 100vw, 1024px\" \/><\/figure>\n\n\n\n<figure class=\"wp-block-image size-full is-style-default\"><img loading=\"lazy\" decoding=\"async\" width=\"1024\" height=\"683\" src=\"http:\/\/blogdoarmindomaia.com.br\/wp-content\/uploads\/2023\/06\/campo-do-Trianon-7-Copia.jpeg\" alt=\"\" class=\"wp-image-5360\" srcset=\"http:\/\/blogdoarmindomaia.com.br\/wp-content\/uploads\/2023\/06\/campo-do-Trianon-7-Copia.jpeg 1024w, http:\/\/blogdoarmindomaia.com.br\/wp-content\/uploads\/2023\/06\/campo-do-Trianon-7-Copia-300x200.jpeg 300w, http:\/\/blogdoarmindomaia.com.br\/wp-content\/uploads\/2023\/06\/campo-do-Trianon-7-Copia-768x512.jpeg 768w\" sizes=\"auto, (max-width: 1024px) 100vw, 1024px\" \/><\/figure>\n\n\n\n<figure class=\"wp-block-image size-full is-style-default\"><img loading=\"lazy\" decoding=\"async\" width=\"1024\" height=\"683\" src=\"http:\/\/blogdoarmindomaia.com.br\/wp-content\/uploads\/2023\/06\/campo-do-Trianon-2.jpeg\" alt=\"\" class=\"wp-image-5359\" srcset=\"http:\/\/blogdoarmindomaia.com.br\/wp-content\/uploads\/2023\/06\/campo-do-Trianon-2.jpeg 1024w, http:\/\/blogdoarmindomaia.com.br\/wp-content\/uploads\/2023\/06\/campo-do-Trianon-2-300x200.jpeg 300w, http:\/\/blogdoarmindomaia.com.br\/wp-content\/uploads\/2023\/06\/campo-do-Trianon-2-768x512.jpeg 768w\" sizes=\"auto, (max-width: 1024px) 100vw, 1024px\" \/><\/figure>\n\n\n\n<p>Em celebra\u00e7\u00e3o \u00e0 Semana Mundial do Meio Ambiente, est\u00e3o sendo realizadas v\u00e1rias a\u00e7\u00f5es voltadas para a preserva\u00e7\u00e3o e conscientiza\u00e7\u00e3o em rela\u00e7\u00e3o ao meio ambiente no munic\u00edpio de Arax\u00e1.\u00a0 Na manh\u00e3 da \u00faltima ter\u00e7a-feira, dia 06 de junho, foi realizada no bairro Mangabeiras, um plantio de \u00e1rvores nativas e frut\u00edferas da regi\u00e3o, por iniciativa do Trianon Esporte Clube em parceria com v\u00e1rios organismos ligados ao meio ambiente na cidade. Entre eles; a Prefeitura Municipal, o Grupo de motociclistas os Insanos, Pol\u00edcia Civil e representantes do Conselho Municipal da Crian\u00e7a e Adolescente\u00a0(CMDCA). O projeto social e esportivo do Trianon que\u00a0 hoje assiste centenas de crian\u00e7as e adolescentes com atividades, esportivas, educacionais e sociais, j\u00e1 tem essa pr\u00e1tica como um dos fundamentos para a conscientiza\u00e7\u00e3o e forma\u00e7\u00e3o dos homens do futuro.\u00a0 Foram plantadas 213 mudas de \u00e1rvores, De acordo com Leonardo, coordenador do Projeto Esportivo do Trianon, \u201c para n\u00f3s \u00e9 muito importante esse replantio de mudas de \u00e1rvores, pois essas a\u00e7\u00f5es acabam divulgando e valorizando o nosso projeto e o nosso trabalho. Aqui antigamente t\u00ednhamos um cintur\u00e3o de \u00e1rvores bonitas e em 2012 pegou fogo e restou somente o tronco. Ent\u00e3o queremos reconstruir pois \u00e9 de suma import\u00e2ncia para nossa cidade. Na verdade, cada muda de \u00e1rvore plantada aqui vai receber o nome da pessoa que fez o plantio, como uma maneira simb\u00f3lica de homenagear e fincar na hist\u00f3ria a import\u00e2ncia de sempre cuidar e proteger a nossa natureza\u201d, concluiu L\u00e9o.<\/p>\n","protected":false},"excerpt":{"rendered":"<p>Em celebra\u00e7\u00e3o \u00e0 Semana Mundial do Meio Ambiente, est\u00e3o sendo realizadas v\u00e1rias a\u00e7\u00f5es voltadas para a preserva\u00e7\u00e3o e conscientiza\u00e7\u00e3o em<\/p>\n","protected":false},"author":2,"featured_media":5360,"comment_status":"open","ping_status":"open","sticky":false,"template":"","format":"standard","meta":{"footnotes":""},"categories":[9,11],"tags":[],"class_list":["post-5358","post","type-post","status-publish","format-standard","has-post-thumbnail","hentry","category-araxa","category-destaques"],"_links":{"self":[{"href":"http:\/\/blogdoarmindomaia.com.br\/index.php?rest_route=\/wp\/v2\/posts\/5358","targetHints":{"allow":["GET"]}}],"collection":[{"href":"http:\/\/blogdoarmindomaia.com.br\/index.php?rest_route=\/wp\/v2\/posts"}],"about":[{"href":"http:\/\/blogdoarmindomaia.com.br\/index.php?rest_route=\/wp\/v2\/types\/post"}],"author":[{"embeddable":true,"href":"http:\/\/blogdoarmindomaia.com.br\/index.php?rest_route=\/wp\/v2\/users\/2"}],"replies":[{"embeddable":true,"href":"http:\/\/blogdoarmindomaia.com.br\/index.php?rest_route=%2Fwp%2Fv2%2Fcomments&post=5358"}],"version-history":[{"count":1,"href":"http:\/\/blogdoarmindomaia.com.br\/index.php?rest_route=\/wp\/v2\/posts\/5358\/revisions"}],"predecessor-version":[{"id":5362,"href":"http:\/\/blogdoarmindomaia.com.br\/index.php?rest_route=\/wp\/v2\/posts\/5358\/revisions\/5362"}],"wp:featuredmedia":[{"embeddable":true,"href":"http:\/\/blogdoarmindomaia.com.br\/index.php?rest_route=\/wp\/v2\/media\/5360"}],"wp:attachment":[{"href":"http:\/\/blogdoarmindomaia.com.br\/index.php?rest_route=%2Fwp%2Fv2%2Fmedia&parent=5358"}],"wp:term":[{"taxonomy":"category","embeddable":true,"href":"http:\/\/blogdoarmindomaia.com.br\/index.php?rest_route=%2Fwp%2Fv2%2Fcategories&post=5358"},{"taxonomy":"post_tag","embeddable":true,"href":"http:\/\/blogdoarmindomaia.com.br\/index.php?rest_route=%2Fwp%2Fv2%2Ftags&post=5358"}],"curies":[{"name":"wp","href":"https:\/\/api.w.org\/{rel}","templated":true}]}}