{"id":5373,"date":"2023-06-12T15:52:41","date_gmt":"2023-06-12T18:52:41","guid":{"rendered":"http:\/\/blogdoarmindomaia.com.br\/?p=5373"},"modified":"2023-06-12T15:52:45","modified_gmt":"2023-06-12T18:52:45","slug":"11-fliaraxa-tera-como-autoras-homenageadas-liria-porto-e-eliana-alves-cruz","status":"publish","type":"post","link":"http:\/\/blogdoarmindomaia.com.br\/?p=5373","title":{"rendered":"11\u00b0 Fliarax\u00e1 ter\u00e1 como autoras homenageadas L\u00edria Porto e Eliana Alves Cruz"},"content":{"rendered":"\n<figure class=\"wp-block-image size-full is-style-default\"><img loading=\"lazy\" decoding=\"async\" width=\"719\" height=\"750\" src=\"http:\/\/blogdoarmindomaia.com.br\/wp-content\/uploads\/2023\/06\/Liria-Porto-foto-edson-teixeira.jpeg\" alt=\"\" class=\"wp-image-5374\" srcset=\"http:\/\/blogdoarmindomaia.com.br\/wp-content\/uploads\/2023\/06\/Liria-Porto-foto-edson-teixeira.jpeg 719w, http:\/\/blogdoarmindomaia.com.br\/wp-content\/uploads\/2023\/06\/Liria-Porto-foto-edson-teixeira-288x300.jpeg 288w\" sizes=\"auto, (max-width: 719px) 100vw, 719px\" \/><\/figure>\n\n\n\n<figure class=\"wp-block-image size-full is-style-default\"><img loading=\"lazy\" decoding=\"async\" width=\"768\" height=\"512\" src=\"http:\/\/blogdoarmindomaia.com.br\/wp-content\/uploads\/2023\/06\/Eliane-Alves-Cruz-Eduardo-Anizzeli-_-FolhaPress.jpeg\" alt=\"\" class=\"wp-image-5375\" srcset=\"http:\/\/blogdoarmindomaia.com.br\/wp-content\/uploads\/2023\/06\/Eliane-Alves-Cruz-Eduardo-Anizzeli-_-FolhaPress.jpeg 768w, http:\/\/blogdoarmindomaia.com.br\/wp-content\/uploads\/2023\/06\/Eliane-Alves-Cruz-Eduardo-Anizzeli-_-FolhaPress-300x200.jpeg 300w\" sizes=\"auto, (max-width: 768px) 100vw, 768px\" \/><\/figure>\n\n\n\n<p>A jornalista e escritora Eliana Alves Cruz e a poeta L\u00edria Porto s\u00e3o as Autoras Homenageadas do 11\u00ba Festival Liter\u00e1rio de Arax\u00e1 (Fliarax\u00e1), que ter\u00e1 como&nbsp;tema \u201cEduca\u00e7\u00e3o, Literatura e Patrim\u00f4nio\u201d. As escritoras participam das atividades presenciais do festival, que acontece de 5 a 9 de julho, no Est\u00e1dio Municipal Fausto Alvim, localizado no centro de Arax\u00e1, com entrada gratuita. A estrutura do evento inclui uma enorme livraria, tr\u00eas audit\u00f3rios para debates e apresenta\u00e7\u00f5es art\u00edsticas, espa\u00e7o para crian\u00e7as, \u00e1rea de gastronomia e palco para atra\u00e7\u00f5es musicais.&nbsp;<\/p>\n\n\n\n<p>Vencedora do Pr\u00eamio Jabuti, em 2022, com seu livro \u201cA Vestida\u201d, a carioca Eliana Alves Cruz \u00e9 uma das mais destacadas escritora brasileiras contempor\u00e2neas. Sua obra liter\u00e1ria, que transita por diferentes g\u00eaneros como romance e conto, \u00e9 marcada por abordar a hist\u00f3ria e a cultura afro-brasileiras. Eliana faz uso da fic\u00e7\u00e3o \u2013 muitas vezes embasada em fatos hist\u00f3ricos \u2013 para falar sobre assuntos como racismo, desigualdade social, discrimina\u00e7\u00e3o e pobreza. Ela \u00e9 autora dos livros \u201c\u00c1gua de Barrela\u201d (2016);&nbsp;\u201cO crime do Cais do Valongo\u201d (2018); \u201cSolit\u00e1ria\u201d (2022); e \u201cNada digo de ti, que em ti n\u00e3o veja\u201d (2020); al\u00e9m de coautora de \u201cPerdidas: hist\u00f3rias para crian\u00e7as que n\u00e3o t\u00eam vez\u201d (2017).<\/p>\n\n\n\n<p>L\u00edria Porto nasceu em Araguari, e vive atualmente em Arax\u00e1. Sua obra liter\u00e1ria \u00e9 formada por livros de poemas que abordam os mais diversos assuntos: o contato com a natureza, a vida cotidiana, a passagem do tempo, a mem\u00f3ria. Em 2009, L\u00edria publicou os livros \u201cBorboleta desfolhada\u201d e \u201cDe Lua\u201d, em Portugal. Em 2014, lan\u00e7ou \u201cAsa De Passarinho\u201d e \u201cGarimpo\u201d, com&nbsp;&nbsp;o qual foi finalista do Pr\u00eamio Jabuti de Poesia, em 2015. Ela \u00e9 tamb\u00e9m autora de \u201cCadela Prateada\u201d (2017) e \u201cOlho Nu\u201d (2018); participa de antologias &#8211; entre elas, \u201cDedo de mo\u00e7a\u201d -, e da cole\u00e7\u00e3o \u201cLeve em livro\u201d, com \u201cPara compensar a for\u00e7a bruta\u201d.&nbsp;&nbsp;L\u00edria Porto tem publica\u00e7\u00f5es em jornais, revistas e sites, sendo autora do&nbsp;<a href=\"http:\/\/liriaporto.blogspot.com\/http:\/liriaporto.blogspot.com\/\" target=\"_blank\" rel=\"noreferrer noopener\">blog Tanto Mar<\/a>.<\/p>\n\n\n\n<p>O Fliarax\u00e1, h\u00e1 11 anos, tem o patroc\u00ednio da CBMM, pela Lei Federal de Incentivo \u00e0 Cultura do Minist\u00e9rio da Cultura, com o apoio do Ita\u00fa, Cemig, TV Integra\u00e7\u00e3o, Prefeitura Municipal de Arax\u00e1, Funda\u00e7\u00e3o Calmon Barreto, C\u00e2mara Municipal de Arax\u00e1, Academia Araxaense de Letras e Condor Eventos.<\/p>\n","protected":false},"excerpt":{"rendered":"<p>A jornalista e escritora Eliana Alves Cruz e a poeta L\u00edria Porto s\u00e3o as Autoras Homenageadas do 11\u00ba Festival Liter\u00e1rio<\/p>\n","protected":false},"author":2,"featured_media":5375,"comment_status":"open","ping_status":"open","sticky":false,"template":"","format":"standard","meta":{"footnotes":""},"categories":[9,5,11],"tags":[],"class_list":["post-5373","post","type-post","status-publish","format-standard","has-post-thumbnail","hentry","category-araxa","category-arte-e-cultura","category-destaques"],"_links":{"self":[{"href":"http:\/\/blogdoarmindomaia.com.br\/index.php?rest_route=\/wp\/v2\/posts\/5373","targetHints":{"allow":["GET"]}}],"collection":[{"href":"http:\/\/blogdoarmindomaia.com.br\/index.php?rest_route=\/wp\/v2\/posts"}],"about":[{"href":"http:\/\/blogdoarmindomaia.com.br\/index.php?rest_route=\/wp\/v2\/types\/post"}],"author":[{"embeddable":true,"href":"http:\/\/blogdoarmindomaia.com.br\/index.php?rest_route=\/wp\/v2\/users\/2"}],"replies":[{"embeddable":true,"href":"http:\/\/blogdoarmindomaia.com.br\/index.php?rest_route=%2Fwp%2Fv2%2Fcomments&post=5373"}],"version-history":[{"count":1,"href":"http:\/\/blogdoarmindomaia.com.br\/index.php?rest_route=\/wp\/v2\/posts\/5373\/revisions"}],"predecessor-version":[{"id":5376,"href":"http:\/\/blogdoarmindomaia.com.br\/index.php?rest_route=\/wp\/v2\/posts\/5373\/revisions\/5376"}],"wp:featuredmedia":[{"embeddable":true,"href":"http:\/\/blogdoarmindomaia.com.br\/index.php?rest_route=\/wp\/v2\/media\/5375"}],"wp:attachment":[{"href":"http:\/\/blogdoarmindomaia.com.br\/index.php?rest_route=%2Fwp%2Fv2%2Fmedia&parent=5373"}],"wp:term":[{"taxonomy":"category","embeddable":true,"href":"http:\/\/blogdoarmindomaia.com.br\/index.php?rest_route=%2Fwp%2Fv2%2Fcategories&post=5373"},{"taxonomy":"post_tag","embeddable":true,"href":"http:\/\/blogdoarmindomaia.com.br\/index.php?rest_route=%2Fwp%2Fv2%2Ftags&post=5373"}],"curies":[{"name":"wp","href":"https:\/\/api.w.org\/{rel}","templated":true}]}}