{"id":5377,"date":"2023-06-13T10:53:25","date_gmt":"2023-06-13T13:53:25","guid":{"rendered":"http:\/\/blogdoarmindomaia.com.br\/?p=5377"},"modified":"2023-06-13T10:53:26","modified_gmt":"2023-06-13T13:53:26","slug":"prefeitura-de-araxa-lanca-campanha-do-agasalho-2023","status":"publish","type":"post","link":"http:\/\/blogdoarmindomaia.com.br\/?p=5377","title":{"rendered":"Prefeitura de Arax\u00e1 lan\u00e7a campanha do Agasalho 2023"},"content":{"rendered":"\n<figure class=\"wp-block-image size-large is-style-default\"><img loading=\"lazy\" decoding=\"async\" width=\"724\" height=\"1024\" src=\"http:\/\/blogdoarmindomaia.com.br\/wp-content\/uploads\/2023\/06\/campanha-do-agasalho-724x1024.jpeg\" alt=\"\" class=\"wp-image-5378\" srcset=\"http:\/\/blogdoarmindomaia.com.br\/wp-content\/uploads\/2023\/06\/campanha-do-agasalho-724x1024.jpeg 724w, http:\/\/blogdoarmindomaia.com.br\/wp-content\/uploads\/2023\/06\/campanha-do-agasalho-212x300.jpeg 212w, http:\/\/blogdoarmindomaia.com.br\/wp-content\/uploads\/2023\/06\/campanha-do-agasalho-768x1086.jpeg 768w, http:\/\/blogdoarmindomaia.com.br\/wp-content\/uploads\/2023\/06\/campanha-do-agasalho-1086x1536.jpeg 1086w, http:\/\/blogdoarmindomaia.com.br\/wp-content\/uploads\/2023\/06\/campanha-do-agasalho.jpeg 1131w\" sizes=\"auto, (max-width: 724px) 100vw, 724px\" \/><\/figure>\n\n\n\n<p>O inverno come\u00e7a oficialmente no dia 21 de junho, mas as baixas temperaturas j\u00e1 est\u00e3o sendo registradas em Arax\u00e1, principalmente no per\u00edodo da noite. Com o objetivo de arrecadar cobertores, casacos, pares de meias e demais itens para pessoas em situa\u00e7\u00e3o de vulnerabilidade social, a Prefeitura de Arax\u00e1, por meio da Secretaria de A\u00e7\u00e3o Social, lan\u00e7a a Campanha do Agasalho 2023 &#8211; Doar \u00e9 Aquecer. As doa\u00e7\u00f5es podem ser feitas at\u00e9 o dia 25 de junho em diversos pontos de coleta.<br><br>De acordo com o prefeito Robson Magela, a\u00e7\u00f5es de solidariedade como a Campanha do Agasalho complementam os servi\u00e7os e as pol\u00edticas p\u00fablicas. \u201c\u00c9 o nosso dever estender a m\u00e3o e garantir que ningu\u00e9m fique desamparado durante o inverno. Creio que muita gente tem um agasalho que n\u00e3o usa mais. Ent\u00e3o, nada melhor do que ajudar quem precisa\u201d, destaca.<br>&nbsp;<br>O secret\u00e1rio municipal de A\u00e7\u00e3o Social, Wagner Cruz, explica que a campanha faz parte de uma corrente de solidariedade que aquece vidas. \u201cEsperamos conseguir arrecadar o maior n\u00famero poss\u00edvel de doa\u00e7\u00f5es. Podem ser entregues roupas em bom estado, cobertores, pares de meias, um gesto singelo que faz toda diferen\u00e7a para os mais vulner\u00e1veis\u201d, diz.<br><br><strong>Pontos de coleta Campanha do Agasalho 2023<br><\/strong>&nbsp;<br>\u2022 Sede da Prefeitura de Arax\u00e1 no Centro Administrativo: Av. Ros\u00e1lia Isaura de Ara\u00fajo, n\u00ba 275;<br><br>\u2022 Sede antiga da Prefeitura de Arax\u00e1: R. Presidente Oleg\u00e1rio Maciel, n\u00ba 306, Centro;<br><br>\u2022 Secretaria Municipal de A\u00e7\u00e3o Social: Av. Get\u00falio Vargas, n\u00ba 205, Centro;<br><br>\u2022 Igreja da Sagrada Fam\u00edlia: R. Argeu Alves da Costa, n\u00ba 10, Vila Silv\u00e9ria;<br><br>\u2022 Obras Assistenciais Caminheiros do Bem: R. Capit\u00e3o Izidro, n\u00ba 120, Centro;<br><br>\u2022 Igreja Eterna: R. Divino Alves Ferreira, n\u00ba 560, bairro Padre Alaor;<br><br>\u2022 Base M\u00f3vel da Pol\u00edcia Militar: Av. Ant\u00f4nio Carlos (em frente ao Banco do Brasil);<br><br>\u2022 C\u00e2mara Municipal: Av. Jo\u00e3o Paulo II, n\u00ba 1,200, bairro Guilhermina Vieira Chaer.<\/p>\n","protected":false},"excerpt":{"rendered":"<p>O inverno come\u00e7a oficialmente no dia 21 de junho, mas as baixas temperaturas j\u00e1 est\u00e3o sendo registradas em Arax\u00e1, principalmente<\/p>\n","protected":false},"author":2,"featured_media":5378,"comment_status":"open","ping_status":"open","sticky":false,"template":"","format":"standard","meta":{"footnotes":""},"categories":[9,11],"tags":[],"class_list":["post-5377","post","type-post","status-publish","format-standard","has-post-thumbnail","hentry","category-araxa","category-destaques"],"_links":{"self":[{"href":"http:\/\/blogdoarmindomaia.com.br\/index.php?rest_route=\/wp\/v2\/posts\/5377","targetHints":{"allow":["GET"]}}],"collection":[{"href":"http:\/\/blogdoarmindomaia.com.br\/index.php?rest_route=\/wp\/v2\/posts"}],"about":[{"href":"http:\/\/blogdoarmindomaia.com.br\/index.php?rest_route=\/wp\/v2\/types\/post"}],"author":[{"embeddable":true,"href":"http:\/\/blogdoarmindomaia.com.br\/index.php?rest_route=\/wp\/v2\/users\/2"}],"replies":[{"embeddable":true,"href":"http:\/\/blogdoarmindomaia.com.br\/index.php?rest_route=%2Fwp%2Fv2%2Fcomments&post=5377"}],"version-history":[{"count":1,"href":"http:\/\/blogdoarmindomaia.com.br\/index.php?rest_route=\/wp\/v2\/posts\/5377\/revisions"}],"predecessor-version":[{"id":5379,"href":"http:\/\/blogdoarmindomaia.com.br\/index.php?rest_route=\/wp\/v2\/posts\/5377\/revisions\/5379"}],"wp:featuredmedia":[{"embeddable":true,"href":"http:\/\/blogdoarmindomaia.com.br\/index.php?rest_route=\/wp\/v2\/media\/5378"}],"wp:attachment":[{"href":"http:\/\/blogdoarmindomaia.com.br\/index.php?rest_route=%2Fwp%2Fv2%2Fmedia&parent=5377"}],"wp:term":[{"taxonomy":"category","embeddable":true,"href":"http:\/\/blogdoarmindomaia.com.br\/index.php?rest_route=%2Fwp%2Fv2%2Fcategories&post=5377"},{"taxonomy":"post_tag","embeddable":true,"href":"http:\/\/blogdoarmindomaia.com.br\/index.php?rest_route=%2Fwp%2Fv2%2Ftags&post=5377"}],"curies":[{"name":"wp","href":"https:\/\/api.w.org\/{rel}","templated":true}]}}