{"id":5386,"date":"2023-06-13T11:11:59","date_gmt":"2023-06-13T14:11:59","guid":{"rendered":"http:\/\/blogdoarmindomaia.com.br\/?p=5386"},"modified":"2023-06-13T11:12:01","modified_gmt":"2023-06-13T14:12:01","slug":"segunda-semana-do-29o-encontro-sesi-de-artes-cenicas-tera-21-atracoes","status":"publish","type":"post","link":"http:\/\/blogdoarmindomaia.com.br\/?p=5386","title":{"rendered":"Segunda semana do 29\u00ba Encontro SESI de Artes C\u00eanicas ter\u00e1 21 atra\u00e7\u00f5es"},"content":{"rendered":"\n<figure class=\"wp-block-image size-large is-style-default\"><img loading=\"lazy\" decoding=\"async\" width=\"1024\" height=\"624\" src=\"http:\/\/blogdoarmindomaia.com.br\/wp-content\/uploads\/2023\/06\/Copia-de-Foto-Joao-Caldas-Fo_145070-1024x624.jpg\" alt=\"\" class=\"wp-image-5387\" srcset=\"http:\/\/blogdoarmindomaia.com.br\/wp-content\/uploads\/2023\/06\/Copia-de-Foto-Joao-Caldas-Fo_145070-1024x624.jpg 1024w, http:\/\/blogdoarmindomaia.com.br\/wp-content\/uploads\/2023\/06\/Copia-de-Foto-Joao-Caldas-Fo_145070-300x183.jpg 300w, http:\/\/blogdoarmindomaia.com.br\/wp-content\/uploads\/2023\/06\/Copia-de-Foto-Joao-Caldas-Fo_145070-768x468.jpg 768w, http:\/\/blogdoarmindomaia.com.br\/wp-content\/uploads\/2023\/06\/Copia-de-Foto-Joao-Caldas-Fo_145070-1536x937.jpg 1536w, http:\/\/blogdoarmindomaia.com.br\/wp-content\/uploads\/2023\/06\/Copia-de-Foto-Joao-Caldas-Fo_145070-2048x1249.jpg 2048w\" sizes=\"auto, (max-width: 1024px) 100vw, 1024px\" \/><\/figure>\n\n\n\n<p>O primeiro final de semana do 29\u00ba Encontro SESI de Artes C\u00eanicas em Arax\u00e1 teve 13 apresenta\u00e7\u00f5es e reuniu 2.391 pessoas nas atra\u00e7\u00f5es culturais apresentadas na cidade. Teatro CBMM \u2013 Centro Cultural Uniarax\u00e1, Cal\u00e7ad\u00e3o da rua Presidente Oleg\u00e1rio Maciel, Unidade Sesi\/Senai Arax\u00e1, Estacionamento da Funda\u00e7\u00e3o Cultural Calmon Barreto, Feira Radialista Silmar Borges foram os palcos dos grupos de dan\u00e7a, m\u00fasica, teatro, circo e oficina que proporcionaram os v\u00e1rios \u201cEncontros Plurais\u201d entre os dias 9 a 11 de junho. Festival realizado pelo SESI, com patroc\u00ednio da CBMM, Usina Santo \u00c2ngelo, Usina Uberaba, apoio da Prefeitura Municipal de Arax\u00e1 e apoio cultural da Funda\u00e7\u00e3o Cultural Calmon Barreto, por meio da Lei Federal de Incentivo \u00e0 Cultura.<\/p>\n\n\n\n<p>At\u00e9 o dia 25 de junho Arax\u00e1 ser\u00e1 contemplada com mais vinte e cinco atra\u00e7\u00f5es. Oficinas de teatro nas escolas municipais, estaduais e institui\u00e7\u00f5es ser\u00e3o realizadas nos dias 12, 13, 15 e 16 de junho. Cronograma cultural para todas as idades em diferentes locais. Aprendizado tamb\u00e9m para o p\u00fablico adulto. Noite de quarta-feira, 14 de junho, dedicada \u00e0 troca de experi\u00eancias. O tema do festival \u201cEncontros Plurais\u201d \u00e9 o assunto \u00e0 ser retratado \u00e0s 19h30 na unidade Sesi\/Senai de Arax\u00e1 (rua Abra\u00e3o Jos\u00e9 Bitar, 405 \u2013 bairro Bela Vista). Para participar basta comparecer ao local, para que juntos, possamos falar sobre os Encontros promovidos pela Fiemg, Sesi, Senai.<\/p>\n\n\n\n<p>Outra forma de aprendizado proporcionado \u00e9 na oficina \u201cA M\u00fasica e a Cena\u201d onde os participantes \u2013 p\u00fablico alvo a partir de 14 anos \u2013 v\u00e3o aprender trabalhar a voz falada e cantada como princ\u00edpio de cria\u00e7\u00e3o da cena. Os integrantes da Cia. \u2018Os Geraldos\u2019 (SP) v\u00e3o abordar a rela\u00e7\u00e3o entre a m\u00fasica e a cena teatral, a partir da experi\u00eancia adquirida com os profissionais da voz Babaya Morais, Francesca Della Monica e Everton Gennari. Anote na agenda as atra\u00e7\u00f5es abertas ao p\u00fablico da segunda semana do 29\u00ba Encontro SESI de Artes C\u00eanicas, todas com classifica\u00e7\u00e3o livre:<\/p>\n\n\n\n<p><strong>Sexta, 16.06<\/strong> \u2013 Estacionamento da Funda\u00e7\u00e3o Cultural Calmon Barreto<\/p>\n\n\n\n<p>19h \u2013 O Causo de Geraldo (Teatro) | Papangu Cultura (MG);<\/p>\n\n\n\n<p>20h \u2013 Retalhos de Hist\u00f3ria (Teatro) | Cia Deu Na Telha (MG);<\/p>\n\n\n\n<p>20h45 \u2013 PRETUme (Performance) \u2013 Emiad\u00ea (MG);<\/p>\n\n\n\n<p><strong>S\u00e1bado, 17.06<\/strong> \u2013 Cordel do Amor Sem Fim ou A Flor do Chico | Os Geraldos (SP) \u2013 16h e 20h \u2013 Teatro CBMM \u2013 Centro Cultural Uniarax\u00e1;<\/p>\n\n\n\n<p><strong>Domingo, 18.06<\/strong> \u2013 Pormenor de Aus\u00eancia (Teatro) | Giuseppe Oristanio (SP) \u2013 20h \u2013 Teatro CBMM \u2013 Centro Cultural Uniarax\u00e1.<\/p>\n","protected":false},"excerpt":{"rendered":"<p>O primeiro final de semana do 29\u00ba Encontro SESI de Artes C\u00eanicas em Arax\u00e1 teve 13 apresenta\u00e7\u00f5es e reuniu 2.391<\/p>\n","protected":false},"author":2,"featured_media":5387,"comment_status":"open","ping_status":"open","sticky":false,"template":"","format":"standard","meta":{"footnotes":""},"categories":[9,5,11],"tags":[],"class_list":["post-5386","post","type-post","status-publish","format-standard","has-post-thumbnail","hentry","category-araxa","category-arte-e-cultura","category-destaques"],"_links":{"self":[{"href":"http:\/\/blogdoarmindomaia.com.br\/index.php?rest_route=\/wp\/v2\/posts\/5386","targetHints":{"allow":["GET"]}}],"collection":[{"href":"http:\/\/blogdoarmindomaia.com.br\/index.php?rest_route=\/wp\/v2\/posts"}],"about":[{"href":"http:\/\/blogdoarmindomaia.com.br\/index.php?rest_route=\/wp\/v2\/types\/post"}],"author":[{"embeddable":true,"href":"http:\/\/blogdoarmindomaia.com.br\/index.php?rest_route=\/wp\/v2\/users\/2"}],"replies":[{"embeddable":true,"href":"http:\/\/blogdoarmindomaia.com.br\/index.php?rest_route=%2Fwp%2Fv2%2Fcomments&post=5386"}],"version-history":[{"count":1,"href":"http:\/\/blogdoarmindomaia.com.br\/index.php?rest_route=\/wp\/v2\/posts\/5386\/revisions"}],"predecessor-version":[{"id":5388,"href":"http:\/\/blogdoarmindomaia.com.br\/index.php?rest_route=\/wp\/v2\/posts\/5386\/revisions\/5388"}],"wp:featuredmedia":[{"embeddable":true,"href":"http:\/\/blogdoarmindomaia.com.br\/index.php?rest_route=\/wp\/v2\/media\/5387"}],"wp:attachment":[{"href":"http:\/\/blogdoarmindomaia.com.br\/index.php?rest_route=%2Fwp%2Fv2%2Fmedia&parent=5386"}],"wp:term":[{"taxonomy":"category","embeddable":true,"href":"http:\/\/blogdoarmindomaia.com.br\/index.php?rest_route=%2Fwp%2Fv2%2Fcategories&post=5386"},{"taxonomy":"post_tag","embeddable":true,"href":"http:\/\/blogdoarmindomaia.com.br\/index.php?rest_route=%2Fwp%2Fv2%2Ftags&post=5386"}],"curies":[{"name":"wp","href":"https:\/\/api.w.org\/{rel}","templated":true}]}}