{"id":5394,"date":"2023-06-14T11:06:18","date_gmt":"2023-06-14T14:06:18","guid":{"rendered":"http:\/\/blogdoarmindomaia.com.br\/?p=5394"},"modified":"2023-06-14T11:06:20","modified_gmt":"2023-06-14T14:06:20","slug":"araxa-sediou-a-57a-festa-dos-congadeiros","status":"publish","type":"post","link":"http:\/\/blogdoarmindomaia.com.br\/?p=5394","title":{"rendered":"Arax\u00e1 sediou a 57\u00aa Festa dos Congadeiros"},"content":{"rendered":"\n<figure class=\"wp-block-image size-full is-style-default\"><img loading=\"lazy\" decoding=\"async\" width=\"998\" height=\"569\" src=\"http:\/\/blogdoarmindomaia.com.br\/wp-content\/uploads\/2023\/06\/Araxa-sediou-a-57a-Festa-dos-Congadeiros-pg-09.png\" alt=\"\" class=\"wp-image-5395\" srcset=\"http:\/\/blogdoarmindomaia.com.br\/wp-content\/uploads\/2023\/06\/Araxa-sediou-a-57a-Festa-dos-Congadeiros-pg-09.png 998w, http:\/\/blogdoarmindomaia.com.br\/wp-content\/uploads\/2023\/06\/Araxa-sediou-a-57a-Festa-dos-Congadeiros-pg-09-300x171.png 300w, http:\/\/blogdoarmindomaia.com.br\/wp-content\/uploads\/2023\/06\/Araxa-sediou-a-57a-Festa-dos-Congadeiros-pg-09-768x438.png 768w\" sizes=\"auto, (max-width: 998px) 100vw, 998px\" \/><\/figure>\n\n\n\n<p><br><br>Preservar e manter viva a hist\u00f3ria da cultura popular do munic\u00edpio. Este foi o intuito da Festa dos Congadeiros, que, em 2023, chegou a sua 57\u00aa edi\u00e7\u00e3o. O evento aconteceu de 8 a 11 de junho, na Pra\u00e7a da Igreja S\u00e3o Pedro (R. Abadanur Elias, bairro S\u00e3o Pedro), com entrada gratuita. O tema das celebra\u00e7\u00f5es deste ano ffoi \u201cResist\u00eancia Cultural e Social de Arax\u00e1\u201d.<br><br>Com uma pluralidade de cores, cantos, instrumentos e elementos culturais, a Congada, manifesta\u00e7\u00e3o popular genuinamente afro-brasileira e extremamente rica, ofertou uma festa da aboli\u00e7\u00e3o da escravatura no Brasil, carregando em si, um grande contexto cultural.<br><br>A organiza\u00e7\u00e3o foi da Associa\u00e7\u00e3o da Capela M\u00e1rtir Filomena e da Associa\u00e7\u00e3o de Congadeiros de Arax\u00e1, e a celebra\u00e7\u00e3o contou com parceria da Prefeitura de Arax\u00e1.<br><br>De acordo com o presidente da Associa\u00e7\u00e3o da Capela M\u00e1rtir Filomena, Jo\u00e3o Paulo Ferreira, esta uni\u00e3o entre associa\u00e7\u00f5es e Administra\u00e7\u00e3o P\u00fablica preserva valores, costumes e tradi\u00e7\u00e3o.<br><br>\u201cA cultura faz com que o indiv\u00edduo se sinta como parte da hist\u00f3ria, promovendo, assim, a valoriza\u00e7\u00e3o dessa tradi\u00e7\u00e3o, que \u00e9 um dos maiores desafios da sociedade contempor\u00e2nea: desenvolver nas futuras gera\u00e7\u00f5es a consci\u00eancia da preserva\u00e7\u00e3o\u201d, ressalta.<br><br><br><\/p>\n","protected":false},"excerpt":{"rendered":"<p>Preservar e manter viva a hist\u00f3ria da cultura popular do munic\u00edpio. Este foi o intuito da Festa dos Congadeiros, que,<\/p>\n","protected":false},"author":2,"featured_media":5395,"comment_status":"open","ping_status":"open","sticky":false,"template":"","format":"standard","meta":{"footnotes":""},"categories":[9,11],"tags":[],"class_list":["post-5394","post","type-post","status-publish","format-standard","has-post-thumbnail","hentry","category-araxa","category-destaques"],"_links":{"self":[{"href":"http:\/\/blogdoarmindomaia.com.br\/index.php?rest_route=\/wp\/v2\/posts\/5394","targetHints":{"allow":["GET"]}}],"collection":[{"href":"http:\/\/blogdoarmindomaia.com.br\/index.php?rest_route=\/wp\/v2\/posts"}],"about":[{"href":"http:\/\/blogdoarmindomaia.com.br\/index.php?rest_route=\/wp\/v2\/types\/post"}],"author":[{"embeddable":true,"href":"http:\/\/blogdoarmindomaia.com.br\/index.php?rest_route=\/wp\/v2\/users\/2"}],"replies":[{"embeddable":true,"href":"http:\/\/blogdoarmindomaia.com.br\/index.php?rest_route=%2Fwp%2Fv2%2Fcomments&post=5394"}],"version-history":[{"count":1,"href":"http:\/\/blogdoarmindomaia.com.br\/index.php?rest_route=\/wp\/v2\/posts\/5394\/revisions"}],"predecessor-version":[{"id":5396,"href":"http:\/\/blogdoarmindomaia.com.br\/index.php?rest_route=\/wp\/v2\/posts\/5394\/revisions\/5396"}],"wp:featuredmedia":[{"embeddable":true,"href":"http:\/\/blogdoarmindomaia.com.br\/index.php?rest_route=\/wp\/v2\/media\/5395"}],"wp:attachment":[{"href":"http:\/\/blogdoarmindomaia.com.br\/index.php?rest_route=%2Fwp%2Fv2%2Fmedia&parent=5394"}],"wp:term":[{"taxonomy":"category","embeddable":true,"href":"http:\/\/blogdoarmindomaia.com.br\/index.php?rest_route=%2Fwp%2Fv2%2Fcategories&post=5394"},{"taxonomy":"post_tag","embeddable":true,"href":"http:\/\/blogdoarmindomaia.com.br\/index.php?rest_route=%2Fwp%2Fv2%2Ftags&post=5394"}],"curies":[{"name":"wp","href":"https:\/\/api.w.org\/{rel}","templated":true}]}}