{"id":5397,"date":"2023-06-14T14:15:52","date_gmt":"2023-06-14T17:15:52","guid":{"rendered":"http:\/\/blogdoarmindomaia.com.br\/?p=5397"},"modified":"2023-06-14T14:15:54","modified_gmt":"2023-06-14T17:15:54","slug":"bem-brasil-participa-da-semana-do-meio-ambiente-em-araxa-e-perdizes","status":"publish","type":"post","link":"http:\/\/blogdoarmindomaia.com.br\/?p=5397","title":{"rendered":"Bem Brasil participa da Semana do Meio Ambiente em Arax\u00e1 e Perdizes"},"content":{"rendered":"\n<figure class=\"wp-block-image size-large is-style-default\"><img loading=\"lazy\" decoding=\"async\" width=\"1024\" height=\"683\" src=\"http:\/\/blogdoarmindomaia.com.br\/wp-content\/uploads\/2023\/06\/Bem-Brasil_Feira-de-Profissoes-Agroindustria-1024x683.jpg\" alt=\"\" class=\"wp-image-5398\" srcset=\"http:\/\/blogdoarmindomaia.com.br\/wp-content\/uploads\/2023\/06\/Bem-Brasil_Feira-de-Profissoes-Agroindustria-1024x683.jpg 1024w, http:\/\/blogdoarmindomaia.com.br\/wp-content\/uploads\/2023\/06\/Bem-Brasil_Feira-de-Profissoes-Agroindustria-300x200.jpg 300w, http:\/\/blogdoarmindomaia.com.br\/wp-content\/uploads\/2023\/06\/Bem-Brasil_Feira-de-Profissoes-Agroindustria-768x512.jpg 768w, http:\/\/blogdoarmindomaia.com.br\/wp-content\/uploads\/2023\/06\/Bem-Brasil_Feira-de-Profissoes-Agroindustria-1536x1024.jpg 1536w, http:\/\/blogdoarmindomaia.com.br\/wp-content\/uploads\/2023\/06\/Bem-Brasil_Feira-de-Profissoes-Agroindustria.jpg 2048w\" sizes=\"auto, (max-width: 1024px) 100vw, 1024px\" \/><\/figure>\n\n\n\n<figure class=\"wp-block-image size-large is-style-default\"><img loading=\"lazy\" decoding=\"async\" width=\"1024\" height=\"683\" src=\"http:\/\/blogdoarmindomaia.com.br\/wp-content\/uploads\/2023\/06\/Bem-Brasil_Projeto-NASC_Feira-de-Profissoes-Agroindustria_TI-1024x683.jpg\" alt=\"\" class=\"wp-image-5399\" srcset=\"http:\/\/blogdoarmindomaia.com.br\/wp-content\/uploads\/2023\/06\/Bem-Brasil_Projeto-NASC_Feira-de-Profissoes-Agroindustria_TI-1024x683.jpg 1024w, http:\/\/blogdoarmindomaia.com.br\/wp-content\/uploads\/2023\/06\/Bem-Brasil_Projeto-NASC_Feira-de-Profissoes-Agroindustria_TI-300x200.jpg 300w, http:\/\/blogdoarmindomaia.com.br\/wp-content\/uploads\/2023\/06\/Bem-Brasil_Projeto-NASC_Feira-de-Profissoes-Agroindustria_TI-768x512.jpg 768w, http:\/\/blogdoarmindomaia.com.br\/wp-content\/uploads\/2023\/06\/Bem-Brasil_Projeto-NASC_Feira-de-Profissoes-Agroindustria_TI-1536x1024.jpg 1536w, http:\/\/blogdoarmindomaia.com.br\/wp-content\/uploads\/2023\/06\/Bem-Brasil_Projeto-NASC_Feira-de-Profissoes-Agroindustria_TI.jpg 2048w\" sizes=\"auto, (max-width: 1024px) 100vw, 1024px\" \/><\/figure>\n\n\n\n<p>A Bem Brasil, marca l\u00edder no mercado de batatas pr\u00e9-fritas congeladas no pa\u00eds, com mais de 50% do share nacional, participa da Semana do Meio Ambiente, iniciada no dia 5 de junho, data que celebra o Dia Mundial do Meio Ambiente. A empresa, que tem como foco principal a atua\u00e7\u00e3o socioambiental e a produ\u00e7\u00e3o sustent\u00e1vel, atua em parceria com os munic\u00edpios de Arax\u00e1 e Perdizes para conscientizar a popula\u00e7\u00e3o sobre a import\u00e2ncia da sustentabilidade.<\/p>\n\n\n\n<p>At\u00e9 o dia 13, em Arax\u00e1, foi realizada uma s\u00e9rie de atividades focadas na educa\u00e7\u00e3o ambiental com o tema \u201cArax\u00e1 Separa Seu Lixo\u201d. A Bem Brasil fez a doa\u00e7\u00e3o de coletor de pilhas e patrocinou a pe\u00e7a teatral \u201cDona Maricota e Seu Carlota: Meio Ambiente, Consumo Consciente\u201d, que aconteceu nesta segunda-feira. A empresa tamb\u00e9m fez parte da mesa julgadora que decidiu a mascote da campanha.<\/p>\n\n\n\n<p>Em Perdizes, a Bem Brasil, a partir do projeto N\u00facleo Ambiental \u00c1gua Santa do Cerrado (NASC), realizado em parceria com a Fazenda \u00c1gua Santa, promoveu uma feira de profiss\u00f5es e recebeu estudantes no \u00faltimo dia 2. Eles puderam interagir com profissionais e conhecer \u00e1reas da fazenda e da ind\u00fastria, como Administra\u00e7\u00e3o, Geografia, Engenharia Ambiental, Agronomia, Marketing, Qualidade, Automa\u00e7\u00e3o, entre outras.<\/p>\n\n\n\n<p><strong>Sobre a Bem Brasil<\/strong><\/p>\n\n\n\n<p>A Bem Brasil Alimentos, ind\u00fastria 100% brasileira de batatas pr\u00e9-fritas congeladas, atua no mercado h\u00e1 16 anos, sendo pioneira na atividade. A marca \u00e9 l\u00edder isolada em penetra\u00e7\u00e3o da batata pr\u00e9-frita congelada nos lares brasileiros \u2013 det\u00e9m um share maior que 50% no acumulado de 2023 \u2013 e apresenta o maior \u00edndice de frequ\u00eancia de compras nos supermercados, de acordo com a consultoria Kantar. A companhia conta com duas unidades fabris no Tri\u00e2ngulo Mineiro: uma em Arax\u00e1 e a outra no munic\u00edpio de Perdizes, que geram mais de 1.200 empregos diretos e 4 mil indiretos. A capacidade produtiva da empresa \u00e9 de 500 mil toneladas de produtos por ano, podendo atender at\u00e9 55% da demanda nacional. Seu mix contempla mais de 20 produtos voltados para food service e varejo nacional. Al\u00e9m de contar com o reconhecimento do mercado pela qualidade de seus produtos, ao longo dos anos, a Bem Brasil conquistou diversos pr\u00eamios pela sua excel\u00eancia em seguran\u00e7a de alimentos e gest\u00e3o de pessoas. A empresa prima pela sustentabilidade, com uma atua\u00e7\u00e3o focada na responsabilidade socioambiental e na governan\u00e7a corporativa, o que tamb\u00e9m j\u00e1 rendeu diversas certifica\u00e7\u00f5es, entre elas o Selo Mais Integridade 2021\/2022 e o certificado internacional de gest\u00e3o ambiental ISO 14001.<\/p>\n","protected":false},"excerpt":{"rendered":"<p>A Bem Brasil, marca l\u00edder no mercado de batatas pr\u00e9-fritas congeladas no pa\u00eds, com mais de 50% do share nacional,<\/p>\n","protected":false},"author":2,"featured_media":5398,"comment_status":"open","ping_status":"open","sticky":false,"template":"","format":"standard","meta":{"footnotes":""},"categories":[9,11],"tags":[],"class_list":["post-5397","post","type-post","status-publish","format-standard","has-post-thumbnail","hentry","category-araxa","category-destaques"],"_links":{"self":[{"href":"http:\/\/blogdoarmindomaia.com.br\/index.php?rest_route=\/wp\/v2\/posts\/5397","targetHints":{"allow":["GET"]}}],"collection":[{"href":"http:\/\/blogdoarmindomaia.com.br\/index.php?rest_route=\/wp\/v2\/posts"}],"about":[{"href":"http:\/\/blogdoarmindomaia.com.br\/index.php?rest_route=\/wp\/v2\/types\/post"}],"author":[{"embeddable":true,"href":"http:\/\/blogdoarmindomaia.com.br\/index.php?rest_route=\/wp\/v2\/users\/2"}],"replies":[{"embeddable":true,"href":"http:\/\/blogdoarmindomaia.com.br\/index.php?rest_route=%2Fwp%2Fv2%2Fcomments&post=5397"}],"version-history":[{"count":1,"href":"http:\/\/blogdoarmindomaia.com.br\/index.php?rest_route=\/wp\/v2\/posts\/5397\/revisions"}],"predecessor-version":[{"id":5400,"href":"http:\/\/blogdoarmindomaia.com.br\/index.php?rest_route=\/wp\/v2\/posts\/5397\/revisions\/5400"}],"wp:featuredmedia":[{"embeddable":true,"href":"http:\/\/blogdoarmindomaia.com.br\/index.php?rest_route=\/wp\/v2\/media\/5398"}],"wp:attachment":[{"href":"http:\/\/blogdoarmindomaia.com.br\/index.php?rest_route=%2Fwp%2Fv2%2Fmedia&parent=5397"}],"wp:term":[{"taxonomy":"category","embeddable":true,"href":"http:\/\/blogdoarmindomaia.com.br\/index.php?rest_route=%2Fwp%2Fv2%2Fcategories&post=5397"},{"taxonomy":"post_tag","embeddable":true,"href":"http:\/\/blogdoarmindomaia.com.br\/index.php?rest_route=%2Fwp%2Fv2%2Ftags&post=5397"}],"curies":[{"name":"wp","href":"https:\/\/api.w.org\/{rel}","templated":true}]}}