{"id":5405,"date":"2023-06-15T14:35:04","date_gmt":"2023-06-15T17:35:04","guid":{"rendered":"http:\/\/blogdoarmindomaia.com.br\/?p=5405"},"modified":"2023-06-15T14:35:07","modified_gmt":"2023-06-15T17:35:07","slug":"violao-classico-no-recreio","status":"publish","type":"post","link":"http:\/\/blogdoarmindomaia.com.br\/?p=5405","title":{"rendered":"Viol\u00e3o Cl\u00e1ssico no Recreio"},"content":{"rendered":"\n<p><\/p>\n\n\n\n<p><\/p>\n\n\n\n<p>Durante o recreio nas escolas de Arax\u00e1, uma experi\u00eancia cultural \u00fanica tem encantado e educado os alunos.<\/p>\n\n\n\n<figure class=\"wp-block-image size-full is-style-default\"><img loading=\"lazy\" decoding=\"async\" width=\"768\" height=\"538\" src=\"http:\/\/blogdoarmindomaia.com.br\/wp-content\/uploads\/2023\/06\/4.jpg\" alt=\"\" class=\"wp-image-5406\" srcset=\"http:\/\/blogdoarmindomaia.com.br\/wp-content\/uploads\/2023\/06\/4.jpg 768w, http:\/\/blogdoarmindomaia.com.br\/wp-content\/uploads\/2023\/06\/4-300x210.jpg 300w, http:\/\/blogdoarmindomaia.com.br\/wp-content\/uploads\/2023\/06\/4-130x90.jpg 130w\" sizes=\"auto, (max-width: 768px) 100vw, 768px\" \/><\/figure>\n\n\n\n<figure class=\"wp-block-image size-full is-style-default\"><img loading=\"lazy\" decoding=\"async\" width=\"768\" height=\"549\" src=\"http:\/\/blogdoarmindomaia.com.br\/wp-content\/uploads\/2023\/06\/rroddofo-3.jpg\" alt=\"\" class=\"wp-image-5407\" srcset=\"http:\/\/blogdoarmindomaia.com.br\/wp-content\/uploads\/2023\/06\/rroddofo-3.jpg 768w, http:\/\/blogdoarmindomaia.com.br\/wp-content\/uploads\/2023\/06\/rroddofo-3-300x214.jpg 300w\" sizes=\"auto, (max-width: 768px) 100vw, 768px\" \/><\/figure>\n\n\n\n<p>O violonista Manoel Am\u00e2ncio est\u00e1 levando o viol\u00e3o cl\u00e1ssico por diversas institui\u00e7\u00f5es de ensino, proporcionando momentos enriquecedores de aprecia\u00e7\u00e3o e aprendizado sobre a cultura brasileira. O projeto visa oferecer aos estudantes uma experi\u00eancia memor\u00e1vel, com apresenta\u00e7\u00f5es que abrangem um repert\u00f3rio diversificado de m\u00fasicas hist\u00f3ricas, cuidadosamente selecionadas para envolver os alunos.<\/p>\n\n\n\n<p>O objetivo principal \u00e9 proporcionar aos alunos a oportunidade de apreciar a beleza do viol\u00e3o cl\u00e1ssico e aprender mais sobre a cultura nacional por meio de m\u00fasicas que fazem parte da identidade do pa\u00eds. Ao promover a valoriza\u00e7\u00e3o da arte e da cultura, o projeto busca incentivar o interesse pela m\u00fasica e aprofundar o conhecimento sobre o patrim\u00f4nio brasileiro.<\/p>\n\n\n\n<p>J\u00e1 receberam as apresenta\u00e7\u00f5es a EM. Prof. Auxiliadora Paiva (22\/05), a EE. Loren Rios Feres (29\/05) e a EE. Armando Santos (05\/06). Ainda haver\u00e1 exibi\u00e7\u00f5es na EE. Rotary (12\/06), na EE. Dom Jos\u00e9 Gaspar (19\/06) e, para fechar o projeto, na EE. Prof. Luiz Ant. Corr\u00eaa Oliveira (26\/06), sempre nos turnos da manh\u00e3, tarde e noite, abrangendo alunos de diversas idades. Os eventos tamb\u00e9m s\u00e3o abertos ao p\u00fablico, livre e gratuito, e contam com acessibilidade por meio de profissional de libras.<\/p>\n\n\n\n<p>&#8220;Estou animado em poder compartilhar minha paix\u00e3o pelo viol\u00e3o cl\u00e1ssico com os alunos de Arax\u00e1. A m\u00fasica \u00e9 uma forma poderosa de express\u00e3o cultural, e acredito que ao introduzir o viol\u00e3o cl\u00e1ssico nas escolas, estamos enriquecendo a vida dos estudantes e promovendo a valoriza\u00e7\u00e3o de nossa cultura.&#8221;, comenta Manoel Am\u00e2ncio.<\/p>\n\n\n\n<p>O projeto, que tamb\u00e9m tem a participa\u00e7\u00e3o especial do m\u00fasico Prado Am\u00e2ncio, \u00e9 realizado por meio da Lei de Incentivo \u00e0 Cultura, do Minist\u00e9rio da Cultura e Governo Federal, e conta com o patroc\u00ednio da CBMM \u2013 Companhia Brasileira de Metalurgia e Minera\u00e7\u00e3o.<\/p>\n","protected":false},"excerpt":{"rendered":"<p>Durante o recreio nas escolas de Arax\u00e1, uma experi\u00eancia cultural \u00fanica tem encantado e educado os alunos. O violonista Manoel<\/p>\n","protected":false},"author":2,"featured_media":5406,"comment_status":"open","ping_status":"open","sticky":false,"template":"","format":"standard","meta":{"footnotes":""},"categories":[9,5,11],"tags":[],"class_list":["post-5405","post","type-post","status-publish","format-standard","has-post-thumbnail","hentry","category-araxa","category-arte-e-cultura","category-destaques"],"_links":{"self":[{"href":"http:\/\/blogdoarmindomaia.com.br\/index.php?rest_route=\/wp\/v2\/posts\/5405","targetHints":{"allow":["GET"]}}],"collection":[{"href":"http:\/\/blogdoarmindomaia.com.br\/index.php?rest_route=\/wp\/v2\/posts"}],"about":[{"href":"http:\/\/blogdoarmindomaia.com.br\/index.php?rest_route=\/wp\/v2\/types\/post"}],"author":[{"embeddable":true,"href":"http:\/\/blogdoarmindomaia.com.br\/index.php?rest_route=\/wp\/v2\/users\/2"}],"replies":[{"embeddable":true,"href":"http:\/\/blogdoarmindomaia.com.br\/index.php?rest_route=%2Fwp%2Fv2%2Fcomments&post=5405"}],"version-history":[{"count":1,"href":"http:\/\/blogdoarmindomaia.com.br\/index.php?rest_route=\/wp\/v2\/posts\/5405\/revisions"}],"predecessor-version":[{"id":5408,"href":"http:\/\/blogdoarmindomaia.com.br\/index.php?rest_route=\/wp\/v2\/posts\/5405\/revisions\/5408"}],"wp:featuredmedia":[{"embeddable":true,"href":"http:\/\/blogdoarmindomaia.com.br\/index.php?rest_route=\/wp\/v2\/media\/5406"}],"wp:attachment":[{"href":"http:\/\/blogdoarmindomaia.com.br\/index.php?rest_route=%2Fwp%2Fv2%2Fmedia&parent=5405"}],"wp:term":[{"taxonomy":"category","embeddable":true,"href":"http:\/\/blogdoarmindomaia.com.br\/index.php?rest_route=%2Fwp%2Fv2%2Fcategories&post=5405"},{"taxonomy":"post_tag","embeddable":true,"href":"http:\/\/blogdoarmindomaia.com.br\/index.php?rest_route=%2Fwp%2Fv2%2Ftags&post=5405"}],"curies":[{"name":"wp","href":"https:\/\/api.w.org\/{rel}","templated":true}]}}