{"id":5409,"date":"2023-06-15T15:22:01","date_gmt":"2023-06-15T18:22:01","guid":{"rendered":"http:\/\/blogdoarmindomaia.com.br\/?p=5409"},"modified":"2023-06-15T15:22:04","modified_gmt":"2023-06-15T18:22:04","slug":"sistema-fecomercio-mg-na-rua-chegou-em-araxa","status":"publish","type":"post","link":"http:\/\/blogdoarmindomaia.com.br\/?p=5409","title":{"rendered":"Sistema Fecom\u00e9rcio MG na Rua chegou em Arax\u00e1"},"content":{"rendered":"\n<figure class=\"wp-block-image size-large is-style-default\"><img loading=\"lazy\" decoding=\"async\" width=\"1024\" height=\"498\" src=\"http:\/\/blogdoarmindomaia.com.br\/wp-content\/uploads\/2023\/06\/Espaco-de-Lazer-1024x498.jpg\" alt=\"\" class=\"wp-image-5410\" srcset=\"http:\/\/blogdoarmindomaia.com.br\/wp-content\/uploads\/2023\/06\/Espaco-de-Lazer-1024x498.jpg 1024w, http:\/\/blogdoarmindomaia.com.br\/wp-content\/uploads\/2023\/06\/Espaco-de-Lazer-300x146.jpg 300w, http:\/\/blogdoarmindomaia.com.br\/wp-content\/uploads\/2023\/06\/Espaco-de-Lazer-768x373.jpg 768w, http:\/\/blogdoarmindomaia.com.br\/wp-content\/uploads\/2023\/06\/Espaco-de-Lazer-1536x747.jpg 1536w, http:\/\/blogdoarmindomaia.com.br\/wp-content\/uploads\/2023\/06\/Espaco-de-Lazer-2048x996.jpg 2048w\" sizes=\"auto, (max-width: 1024px) 100vw, 1024px\" \/><\/figure>\n\n\n\n<figure class=\"wp-block-image size-large is-style-default\"><img loading=\"lazy\" decoding=\"async\" width=\"1024\" height=\"768\" src=\"http:\/\/blogdoarmindomaia.com.br\/wp-content\/uploads\/2023\/06\/Sistema-Fecomercio-MG-na-Rua-chegou-em-Araxa-pag-06-1024x768.jpg\" alt=\"\" class=\"wp-image-5411\" srcset=\"http:\/\/blogdoarmindomaia.com.br\/wp-content\/uploads\/2023\/06\/Sistema-Fecomercio-MG-na-Rua-chegou-em-Araxa-pag-06-1024x768.jpg 1024w, http:\/\/blogdoarmindomaia.com.br\/wp-content\/uploads\/2023\/06\/Sistema-Fecomercio-MG-na-Rua-chegou-em-Araxa-pag-06-300x225.jpg 300w, http:\/\/blogdoarmindomaia.com.br\/wp-content\/uploads\/2023\/06\/Sistema-Fecomercio-MG-na-Rua-chegou-em-Araxa-pag-06-768x576.jpg 768w, http:\/\/blogdoarmindomaia.com.br\/wp-content\/uploads\/2023\/06\/Sistema-Fecomercio-MG-na-Rua-chegou-em-Araxa-pag-06-1536x1152.jpg 1536w, http:\/\/blogdoarmindomaia.com.br\/wp-content\/uploads\/2023\/06\/Sistema-Fecomercio-MG-na-Rua-chegou-em-Araxa-pag-06.jpg 2048w\" sizes=\"auto, (max-width: 1024px) 100vw, 1024px\" \/><\/figure>\n\n\n\n<p>De&nbsp;<strong>15 a 18 de junho<\/strong>, Arax\u00e1 recebe o projeto&nbsp;<strong>\u201c<\/strong><a href=\"http:\/\/www.fecomercionarua.com.br\/\" target=\"_blank\" rel=\"noreferrer noopener\"><strong>Sistema Fecom\u00e9rcio MG na Rua<\/strong><\/a><strong>\u201d.<\/strong>&nbsp;O evento tem o objetivo de levar \u00e0 popula\u00e7\u00e3o local uma programa\u00e7\u00e3o gratuita com oficinas, palestras, atendimentos de sa\u00fade, atividades de lazer, shows, por meio dos caminh\u00f5es do Sesc e da carreta Senac, e promo\u00e7\u00f5es exclusivas no com\u00e9rcio da cidade. A a\u00e7\u00e3o ocorre no&nbsp;<strong>p\u00e1tio do Est\u00e1dio Municipal Fausto Alvim<\/strong>&nbsp;(Av. Imbiara, 640 \u2013 Centro),&nbsp;<strong>quinta e sexta-feira<\/strong>, das 7h \u00e0s 19h;&nbsp;<strong>s\u00e1bado<\/strong>, das 7h \u00e0s 20h; e&nbsp;<strong>domingo<\/strong>, das 7h \u00e0s 17h.<\/p>\n\n\n\n<p>O projeto \u00e9 uma idealiza\u00e7\u00e3o e realiza\u00e7\u00e3o do Sistema Fecom\u00e9rcio MG, Sesc, Senac e Sindicato do Com\u00e9rcio de Arax\u00e1, que integram a CNC \u2013 Confedera\u00e7\u00e3o Nacional do Com\u00e9rcio de bens, servi\u00e7os e turismo, com apoio da Prefeitura Municipal. Voltada \u00e0 integra\u00e7\u00e3o dos comerciantes, prestadores de servi\u00e7os e sindicatos empresariais, a iniciativa j\u00e1 percorreu sete cidades mineiras e, a previs\u00e3o \u00e9 de que, at\u00e9 o final do ano, esteja presente em outras nove.<\/p>\n\n\n\n<p>De acordo com o presidente do Sistema Fecom\u00e9rcio MG, Sesc, Senac e Sindicatos Empresariais, Nadim Donato, trata-se de um projeto inovador, que mostra a for\u00e7a do Sistema que representa mais de 500 mil empresas, desde MEIs a grandes organiza\u00e7\u00f5es do setor, e que est\u00e1 presente em todos os 853 munic\u00edpios mineiros.<\/p>\n\n\n\n<p>\u201cArax\u00e1 j\u00e1 conhece o impacto que o Sistema Fecom\u00e9rcio e seus bra\u00e7os sociais, Sesc e Senac, com suas unidades, podem trazer para a regi\u00e3o. Com esta a\u00e7\u00e3o queremos aproximar ainda mais os comerci\u00e1rios, seus colaboradores e cidad\u00e3os que passarem pelo evento com os servi\u00e7os e solu\u00e7\u00f5es que temos para oferecer em \u00e1reas como sa\u00fade, bem-estar, carreira e educa\u00e7\u00e3o. Al\u00e9m disso, durante a semana do projeto, o com\u00e9rcio estar\u00e1 movimentado com a campanha #EUCURTOOCOM\u00c9RCIODEMINAS com promo\u00e7\u00f5es e ofertas interessantes aos consumidores\u201d, comenta o presidente da entidade, Nadim Donato.<\/p>\n\n\n\n<p>Para o presidente do Sindicom\u00e9rcio de Arax\u00e1, Rodrigo Rocha, o evento d\u00e1 dimens\u00e3o do impacto do com\u00e9rcio de Minas. \u201c\u00c9 muito importante a participa\u00e7\u00e3o de toda a popula\u00e7\u00e3o e dos empres\u00e1rios de Arax\u00e1 para aproveitar os servi\u00e7os que Sesc, Senac e Sindicato podem oferecer. J\u00e1 temos mais de 250 empresas participando ativamente dessa mobiliza\u00e7\u00e3o, com liquida\u00e7\u00e3o e descontos nas lojas. Convidamos todos a nos prestigiarem nesses quatro dias\u201d, pontua.<\/p>\n\n\n\n<p><strong>Atendimentos de sa\u00fade e bem-estar<\/strong><\/p>\n\n\n\n<p>O MedSesc Oftalmologia, projeto itinerante do Sesc em Minas, chega ao munic\u00edpio em uma unidade m\u00f3vel \u2013 um caminh\u00e3o de 11 metros \u2013 em que ser\u00e3o realizadas consultas e exames oftalmol\u00f3gicos. Al\u00e9m disso, ser\u00e1 oferecida avalia\u00e7\u00e3o nutricional com bioimped\u00e2ncia, que analisa o percentual de gordura, massa muscular e os h\u00e1bitos alimentares, buscando mais sa\u00fade e qualidade de vida.<\/p>\n\n\n\n<p>Os atendimentos oftalmol\u00f3gicos e avalia\u00e7\u00f5es de bioimped\u00e2ncia com orienta\u00e7\u00e3o nutricional ser\u00e3o destinados aos pacientes que aguardam atendimento na lista de espera da Secretaria de Sa\u00fade de Arax\u00e1. Outra parte ser\u00e1 destinada pelo Sindicato do Com\u00e9rcio de Arax\u00e1 aos trabalhadores do com\u00e9rcio e dependentes, j\u00e1 listados. Ainda, ser\u00e3o disponibilizados atendimentos para o p\u00fablico em geral, por ordem de chegada, a partir das 7h30, com a equipe do Sesc no evento. Atendimento sujeito a disponibilidade, conforme capacidade. Vagas limitadas.<\/p>\n\n\n\n<p>J\u00e1 o Senac, por meio da atua\u00e7\u00e3o de seus docentes e estudantes, disponibilizar\u00e1 servi\u00e7os gratuitos ao longo da semana como avalia\u00e7\u00e3o facial, aferi\u00e7\u00e3o de press\u00e3o e revitaliza\u00e7\u00e3o das m\u00e3os.<\/p>\n\n\n\n<p><strong>Atividades de Lazer<\/strong><\/p>\n\n\n\n<p>Realizada pelo Sesc h\u00e1 mais de 50 anos, a a\u00e7\u00e3o itinerante Espa\u00e7o de Lazer far\u00e1 parte do evento, levando diversas atividades para crian\u00e7as, jovens e adultos, como cama el\u00e1stica, pula-pula, pintura facial, jogos de mesa, m\u00fasica e interven\u00e7\u00f5es l\u00fadicas e recreativas.<\/p>\n\n\n\n<p><strong>Programa\u00e7\u00e3o Cultural<\/strong><\/p>\n\n\n\n<p>Shows e apresenta\u00e7\u00f5es de artistas araxaenses fazem parte da programa\u00e7\u00e3o cultural do Sistema Fecom\u00e9rcio MG na Rua, que vai contar com duas edi\u00e7\u00f5es pocket do projeto Minas ao Luar, no Caminh\u00e3o Palco, com a Banda Vinith e as cantoras Ludy Rocha e Nat\u00e1lia Borges, apresenta\u00e7\u00f5es circenses com a Cia Deu na Telha e Cia Brincando com o Tempo, e dan\u00e7a com a Escola de Dan\u00e7a Vindan\u00e7arte. Al\u00e9m disso, o evento tamb\u00e9m ter\u00e1 um baile dan\u00e7ante do Sesc +60, especialmente dedicado para o p\u00fablico da melhor idade dan\u00e7ar, socializar e se divertir.<\/p>\n\n\n\n<p>As atra\u00e7\u00f5es foram escolhidas com o objetivo de promover a difus\u00e3o da produ\u00e7\u00e3o cultural regional e do estado, al\u00e9m de levar experi\u00eancias diversas em frui\u00e7\u00e3o art\u00edstica para toda a fam\u00edlia.<\/p>\n\n\n\n<p><strong>Oficinas de gastronomia e aulas-show<\/strong><\/p>\n\n\n\n<p>No Senac M\u00f3vel (carreta-escola do Senac) ser\u00e3o realizadas oficinas de gastronomia. O espa\u00e7o simula uma cozinha real e o chef ensinar\u00e1 ao p\u00fablico receitas que contemplam a mineiridade, bem como t\u00e9cnicas e maneiras de evitar o desperd\u00edcio. Entre as receitas programadas est\u00e3o: p\u00e3o de queijo recheado, galinhada, quiche de legumes, risoto de canjiquinha com quiabo e queijo, brigadeiro de ora pro n\u00f3bis com queijo e outras.<\/p>\n\n\n\n<p><strong>Rede de Carreiras<\/strong><\/p>\n\n\n\n<p>Para empresas interessadas em divulgar vagas e pessoas que est\u00e3o em busca de novas oportunidades no mercado de trabalho, o&nbsp;<a href=\"http:\/\/www.rededecarreiras.com.br\/\" target=\"_blank\" rel=\"noreferrer noopener\">Rede de Carreiras<\/a>, plataforma de cadastro e sele\u00e7\u00e3o de vagas de emprego do Senac, tamb\u00e9m participar\u00e1 do Sistema Fecom\u00e9rcio MG na Rua. Durante o evento, uma equipe vai orientar os envolvidos para cadastro de vagas de emprego das empresas locais, cadastro de curr\u00edculos e orienta\u00e7\u00e3o profissional; potencializando o encontro entre quem est\u00e1 contratando e quem est\u00e1 \u00e0 procura de emprego.<\/p>\n\n\n\n<p><strong>Inova Varejo<\/strong><\/p>\n\n\n\n<p>Comprometido com a capacita\u00e7\u00e3o do setor, o&nbsp;<strong>Sistema Fecom\u00e9rcio MG na Rua<\/strong>&nbsp;tamb\u00e9m inclui o&nbsp;<strong>Inova Varejo<\/strong>, evento para atualiza\u00e7\u00e3o de empres\u00e1rios e funcion\u00e1rios do com\u00e9rcio de bens, servi\u00e7os e turismo, que&nbsp;<strong>ocorre no dia 15\/06, \u00e0s 18h, no Clube Arax\u00e1&nbsp;<\/strong>(Rua Presidente Oleg\u00e1rio Maciel, 333 Centro). A palestrante F\u00e1tima Merlim, especialista em comportamento do consumidor e varejo vai falar sobre&nbsp;<strong>o futuro do com\u00e9rcio e dos clientes na palestra \u201cVarejo, Atendimento ao cliente, Nova era x Novos Comportamentos\u201d<\/strong>. A programa\u00e7\u00e3o \u00e9 gratuita e as inscri\u00e7\u00f5es devem ser feitas&nbsp;<a href=\"https:\/\/www.sympla.com.br\/inovavarejo---edicao-araxa__2010808\" target=\"_blank\" rel=\"noreferrer noopener\">pela Sympla<\/a>.<\/p>\n\n\n\n<p>Al\u00e9m disso, a partir de segunda-feira (12\/06), as principais lojas da cidade promovem uma grande liquida\u00e7\u00e3o. Mais de 250 comerciantes da regi\u00e3o fazem parte da iniciativa, os espa\u00e7os participantes estar\u00e3o sinalizados com bandeirolas e cartazes da campanha #EUCURTOOCOM\u00c9RCIODEMINAS.<\/p>\n\n\n\n<p><strong>Pr\u00f3ximas edi\u00e7\u00f5es<\/strong><\/p>\n\n\n\n<p>Ainda no primeiro semestre, o Sistema Fecom\u00e9rcio MG na Rua levar\u00e1 capacita\u00e7\u00e3o, bem-estar social e qualidade de vida para as cidades de Conselheiro Lafaiete e Congonhas. A programa\u00e7\u00e3o se estende at\u00e9 outubro.<\/p>\n\n\n\n<p><strong><u>Servi\u00e7o:&nbsp;<\/u><\/strong><strong>Sistema Fecom\u00e9rcio MG na Rua em Arax\u00e1<\/strong><\/p>\n\n\n\n<p>Data: 15 a 18 de junho<\/p>\n\n\n\n<p>Hora: quinta e sexta-feira, das 7h \u00e0s 19h; s\u00e1bado, das 7h \u00e0s 20h; e domingo, das 7h \u00e0s 17h.<\/p>\n\n\n\n<p>Local: P\u00e1tio do Est\u00e1dio Municipal Fausto Alvim (Av. Imbiara, 640 \u2013 Centro)<\/p>\n\n\n\n<p>Informa\u00e7\u00f5es:&nbsp;<a href=\"http:\/\/www.fecomercionarua.com.br\/\" target=\"_blank\" rel=\"noreferrer noopener\">www.fecomercionarua.com.br<\/a><\/p>\n\n\n\n<p><strong><u>PROGRAMA\u00c7\u00c3O COMPLETA \u2013 SISTEMA FECOM\u00c9RCIO MG NA RUA EM ARAX\u00c1<\/u><\/strong><\/p>\n\n\n\n<p><strong>SEXTA-FEIRA 16\/06 &#8211; Ao longo do dia, atividades recreativas no Caminh\u00e3o Palco<\/strong><\/p>\n\n\n\n<ul class=\"wp-block-list\">\n<li>MedSesc Oftalmologia \u2013 7h \u00e0s 19h<\/li>\n\n\n\n<li>Avalia\u00e7\u00e3o de Bioimped\u00e2ncia e Orienta\u00e7\u00e3o Nutricional \u2013 7h \u00e0s 19h<\/li>\n\n\n\n<li>Atendimento Comercial e Rede de Carreiras \u2013 10h \u00e0s 19h<\/li>\n\n\n\n<li>P\u00edlulas educacionais sobre Gest\u00e3o e Com\u00e9rcio \u2013 10h \u00e0s 12h<\/li>\n\n\n\n<li>Espa\u00e7o de Lazer \u2013 10h \u00e0s 16h<\/li>\n\n\n\n<li>Oficinas de Gastronomia \u2013 Galinhada \u2013 13h \u00e0s 14h<\/li>\n\n\n\n<li>Avalia\u00e7\u00e3o Facial \u2013 14h \u00e0s 17h<\/li>\n\n\n\n<li>Oficinas de Gastronomia \u2013 Quiche de cascas de legumes, abacaxi tostado, sorvete de creme e semente de ab\u00f3bora \u2013 15h \u00e0s 16h<\/li>\n\n\n\n<li>Apresenta\u00e7\u00e3o de Dan\u00e7a \u2013 Vindan\u00e7arte \u2013 16h30 \u00e0s 17h30<\/li>\n\n\n\n<li>Oficinas de Gastronomia \u2013 Bolo salgado de p\u00e3o com legumes e cocada de casca de melancia \u2013 17h \u00e0s 18h<\/li>\n\n\n\n<li>Baile 60+ &#8211; 18h \u00e0s 19h<\/li>\n<\/ul>\n\n\n\n<p><strong>S\u00c1BADO 17\/06 &#8211; Ao longo do dia, atividades recreativas no Caminh\u00e3o Palco<\/strong><\/p>\n\n\n\n<ul class=\"wp-block-list\">\n<li>MedSesc Oftalmologia \u2013 7h \u00e0s 19h<\/li>\n\n\n\n<li>Avalia\u00e7\u00e3o de Bioimped\u00e2ncia e Orienta\u00e7\u00e3o Nutricional \u2013 7h \u00e0s 16h<\/li>\n\n\n\n<li>Oficina de Tran\u00e7as \u2013 10h \u00e0s 12h<\/li>\n\n\n\n<li>Espa\u00e7o de Lazer \u2013 10h \u00e0s 16h<\/li>\n\n\n\n<li>Atendimento Comercial e Rede de Carreiras \u2013 10h \u00e0s 19h<\/li>\n\n\n\n<li>Oficinas de Gastronomia \u2013Risoto de canjiquinha com quiabo e queijo \u2013 12h \u00e0s 13h<\/li>\n\n\n\n<li>Aferi\u00e7\u00e3o de Press\u00e3o \u2013 14h \u00e0s 17h<\/li>\n\n\n\n<li>Oficinas de Gastronomia \u2013 Brigadeiro de ora pro n\u00f3bis com queijo \u2013 14h \u00e0s 15h<\/li>\n\n\n\n<li>Apresenta\u00e7\u00e3o de Circo \u2013 Brincando com o Tempo \u2013 15h \u00e0s 16h<\/li>\n\n\n\n<li>Oficinas de Gastronomia \u2013 Bife de casca de banana e pastel de banana com queijo \u2013 17h \u00e0s 18h<\/li>\n\n\n\n<li>Minas ao Luar Pocket \u2013 Banda Vinith \u2013 18h \u00e0s 20h<\/li>\n<\/ul>\n\n\n\n<p><strong>DOMINGO 18\/06 &#8211; Ao longo do dia, atividades recreativas no Caminh\u00e3o Palco<\/strong><\/p>\n\n\n\n<ul class=\"wp-block-list\">\n<li>MedSesc Oftalmologia \u2013 7h \u00e0s 17h<\/li>\n\n\n\n<li>Avalia\u00e7\u00e3o de Bioimped\u00e2ncia e Orienta\u00e7\u00e3o Nutricional \u2013 7h \u00e0s 14h<\/li>\n\n\n\n<li>Revitaliza\u00e7\u00e3o das M\u00e3os \u2013 10h \u00e0s 12h e 14h \u00e0s 17h<\/li>\n\n\n\n<li>Atendimento Comercial e Rede de Carreiras \u2013 10h \u00e0s 17h<\/li>\n\n\n\n<li>Apresenta\u00e7\u00e3o de Circo \u2013 Cia Deu na Telha \u2013 10h \u00e0s 11h<\/li>\n\n\n\n<li>Espa\u00e7o de Lazer \u2013 10h \u00e0s 14h<\/li>\n\n\n\n<li>Oficinas de Gastronomia \u2013 Galinhada \u2013 11h \u00e0s 12h<\/li>\n\n\n\n<li>Oficinas de Gastronomia \u2013 Quiche de cascas de legumes, abacaxi tostado, sorvete de creme e semente de ab\u00f3bora \u2013 14h \u00e0s 15h<\/li>\n\n\n\n<li>Minas ao Luar Pocket \u2013 Ludy Rocha convida N\u00e1dia Borges \u201315h \u00e0s 17h<\/li>\n<\/ul>\n","protected":false},"excerpt":{"rendered":"<p>De&nbsp;15 a 18 de junho, Arax\u00e1 recebe o projeto&nbsp;\u201cSistema Fecom\u00e9rcio MG na Rua\u201d.&nbsp;O evento tem o objetivo de levar \u00e0<\/p>\n","protected":false},"author":2,"featured_media":5411,"comment_status":"open","ping_status":"open","sticky":false,"template":"","format":"standard","meta":{"footnotes":""},"categories":[9,11],"tags":[],"class_list":["post-5409","post","type-post","status-publish","format-standard","has-post-thumbnail","hentry","category-araxa","category-destaques"],"_links":{"self":[{"href":"http:\/\/blogdoarmindomaia.com.br\/index.php?rest_route=\/wp\/v2\/posts\/5409","targetHints":{"allow":["GET"]}}],"collection":[{"href":"http:\/\/blogdoarmindomaia.com.br\/index.php?rest_route=\/wp\/v2\/posts"}],"about":[{"href":"http:\/\/blogdoarmindomaia.com.br\/index.php?rest_route=\/wp\/v2\/types\/post"}],"author":[{"embeddable":true,"href":"http:\/\/blogdoarmindomaia.com.br\/index.php?rest_route=\/wp\/v2\/users\/2"}],"replies":[{"embeddable":true,"href":"http:\/\/blogdoarmindomaia.com.br\/index.php?rest_route=%2Fwp%2Fv2%2Fcomments&post=5409"}],"version-history":[{"count":1,"href":"http:\/\/blogdoarmindomaia.com.br\/index.php?rest_route=\/wp\/v2\/posts\/5409\/revisions"}],"predecessor-version":[{"id":5412,"href":"http:\/\/blogdoarmindomaia.com.br\/index.php?rest_route=\/wp\/v2\/posts\/5409\/revisions\/5412"}],"wp:featuredmedia":[{"embeddable":true,"href":"http:\/\/blogdoarmindomaia.com.br\/index.php?rest_route=\/wp\/v2\/media\/5411"}],"wp:attachment":[{"href":"http:\/\/blogdoarmindomaia.com.br\/index.php?rest_route=%2Fwp%2Fv2%2Fmedia&parent=5409"}],"wp:term":[{"taxonomy":"category","embeddable":true,"href":"http:\/\/blogdoarmindomaia.com.br\/index.php?rest_route=%2Fwp%2Fv2%2Fcategories&post=5409"},{"taxonomy":"post_tag","embeddable":true,"href":"http:\/\/blogdoarmindomaia.com.br\/index.php?rest_route=%2Fwp%2Fv2%2Ftags&post=5409"}],"curies":[{"name":"wp","href":"https:\/\/api.w.org\/{rel}","templated":true}]}}