{"id":541,"date":"2022-04-29T20:18:56","date_gmt":"2022-04-29T23:18:56","guid":{"rendered":"http:\/\/blogdoarmindomaia.com.br\/?p=541"},"modified":"2022-04-29T20:18:58","modified_gmt":"2022-04-29T23:18:58","slug":"forum-comunitario-debate-politica-publica-habitacional-para-araxa","status":"publish","type":"post","link":"http:\/\/blogdoarmindomaia.com.br\/?p=541","title":{"rendered":"F\u00f3rum Comunit\u00e1rio debate pol\u00edtica p\u00fablica habitacional para Arax\u00e1"},"content":{"rendered":"\n<figure class=\"wp-block-image size-full is-style-default\"><img loading=\"lazy\" decoding=\"async\" width=\"1000\" height=\"750\" src=\"http:\/\/blogdoarmindomaia.com.br\/wp-content\/uploads\/2022\/04\/mesa-2.jpg\" alt=\"\" class=\"wp-image-542\" srcset=\"http:\/\/blogdoarmindomaia.com.br\/wp-content\/uploads\/2022\/04\/mesa-2.jpg 1000w, http:\/\/blogdoarmindomaia.com.br\/wp-content\/uploads\/2022\/04\/mesa-2-300x225.jpg 300w, http:\/\/blogdoarmindomaia.com.br\/wp-content\/uploads\/2022\/04\/mesa-2-768x576.jpg 768w\" sizes=\"auto, (max-width: 1000px) 100vw, 1000px\" \/><\/figure>\n\n\n\n<p>O F\u00f3rum Comunit\u00e1rio realizado nesta quarta-feira (27), no plen\u00e1rio da C\u00e2mara Municipal de Arax\u00e1 tratou sobre pol\u00edtica p\u00fablica habitacional. A sess\u00e3o foi uma solicita\u00e7\u00e3o da vereadora Leni Nobre e contou com a presen\u00e7a de representantes do Executivo; da Secretaria Municipal de A\u00e7\u00e3o e Promo\u00e7\u00e3o Social; do Instituto de Planejamento e Desenvolvimento Sustent\u00e1vel de Arax\u00e1 (IPDSA); do Sindicato \u00danico dos Trabalhadores da Educa\u00e7\u00e3o (Sindiute); da Associa\u00e7\u00e3o Comercial, Industrial, de Turismo, Servi\u00e7os e Agroneg\u00f3cios de Arax\u00e1 (ACIA); dos moradores de ocupa\u00e7\u00f5es; comunidade e imprensa.<\/p>\n\n\n\n<p>A vereadora solicitante do F\u00f3rum, relatou que fez visitas em espa\u00e7os com ocupa\u00e7\u00f5es irregulares e conversou diretamente com os moradores. Segundo ela, a atual realidade \u00e9 advinda da falta de programas habitacionais e esse p\u00fablico convive com falta de saneamento b\u00e1sico, inseguran\u00e7a alimentar e vivem dessa forma por n\u00e3o ter outra op\u00e7\u00e3o.<\/p>\n\n\n\n<p>O deputado federal Patrus Ananias participou do debate de forma on-line. Ele enfatizou que a moradia \u00e9 um direito de todos os cidad\u00e3os. \u201cO primeiro dever do Estado e da sociedade \u00e9 a preserva\u00e7\u00e3o da vida humana e, para isso, \u00e9 preciso estabelecer e agregar pol\u00edticas p\u00fablicas\u201d, disse.<\/p>\n\n\n\n<p>O secret\u00e1rio municipal de A\u00e7\u00e3o e Promo\u00e7\u00e3o Social, Wagner Cruz, destacou que o prop\u00f3sito da Secretaria \u00e9 destinar os impostos em a\u00e7\u00f5es que beneficiem os menos favorecidos. Ele colocou a Secretaria \u00e0 disposi\u00e7\u00e3o para esclarecimentos sobre a concess\u00e3o de benef\u00edcios.<\/p>\n\n\n\n<p>A respons\u00e1vel pelo Setor de Habita\u00e7\u00e3o, Alessandra Silva, apresentou um estudo mostrando que existem 620 fam\u00edlias em ocupa\u00e7\u00f5es irregulares e detalhou como elas est\u00e3o distribu\u00eddas nos bairros da cidade. Esse estudo serve para nortear as pol\u00edticas e a\u00e7\u00f5es do setor. Segundo ela, os principais projetos da Secretaria s\u00e3o: reforma e adequa\u00e7\u00e3o de banheiros de idosos; \u201cPlanta Popular\u201d, que garante \u00e0s fam\u00edlias carentes acesso a projetos arquitet\u00f4nicos; \u201cM\u00e3os \u00e0 Obra\u201d, para doa\u00e7\u00e3o de materiais de constru\u00e7\u00e3o e assist\u00eancia t\u00e9cnica qualificada para as pessoas em vulnerabilidade social; e o REURB (Programa de Regulariza\u00e7\u00e3o Fundi\u00e1ria), que tem a previs\u00e3o de regularizar mais de mil im\u00f3veis em 10 bairros da cidade, no ano de 2022.<\/p>\n\n\n\n<p>Participa\u00e7\u00e3o Popular<\/p>\n\n\n\n<p>Shirley Miranda falou representando todos os moradores de ocupa\u00e7\u00f5es de Arax\u00e1. Ela apresentou um abaixo assinado, com a assinatura de mais de 100 fam\u00edlias, pedindo mais moradias populares para ajudar pessoas de baixa renda e em situa\u00e7\u00e3o de ocupa\u00e7\u00e3o. Em um discurso que emocionou os presentes, ela resumiu o ponto de vista das fam\u00edlias: \u201cMesmo com o aluguel social o problema n\u00e3o \u00e9 resolvido, a gente quer o cantinho da gente, para criar nossos filhos, com tudo regularizado, certinho, pagando os impostos, com acesso a \u00e1gua e luz.\u201d<\/p>\n\n\n\n<p>Lucelena Braga Fel\u00edcio afirma que os moradores das ocupa\u00e7\u00f5es trabalham de dia para poder comer a noite, n\u00e3o t\u00eam \u00e1gua pot\u00e1vel nem rede de esgoto, portanto, discutir o tema moradia na verdade \u00e9 uma quest\u00e3o de sa\u00fade p\u00fablica. Ela falou do preconceito que muitos deles sofrem por n\u00e3o serem naturais de Arax\u00e1: \u201cN\u00e3o importa de onde n\u00f3s viemos, fornecemos uma m\u00e3o de obra que est\u00e1 em falta em Arax\u00e1. Somos seres humanos, queremos respeito e nossos direitos, pois todos n\u00f3s contribu\u00edmos para o desenvolvimento da cidade\u201d.<\/p>\n\n\n\n<p>Al\u00e9m dos vereadores, tamb\u00e9m fizeram uso da palavra o professor Jales Andr\u00e9 dos Santos, presidente do Partido dos Trabalhadores (PT) e membro do Sindiute, o empres\u00e1rio e presidente da ACIA Em\u00edlio Neumann, o superintendente do IPDSA Ney Dutra, e moradores das ocupa\u00e7\u00f5es que participaram de forma presencial e atrav\u00e9s de perguntas enviadas pela internet.<\/p>\n","protected":false},"excerpt":{"rendered":"<p>O F\u00f3rum Comunit\u00e1rio realizado nesta quarta-feira (27), no plen\u00e1rio da C\u00e2mara Municipal de Arax\u00e1 tratou sobre pol\u00edtica p\u00fablica habitacional. A<\/p>\n","protected":false},"author":2,"featured_media":542,"comment_status":"open","ping_status":"open","sticky":false,"template":"","format":"standard","meta":{"footnotes":""},"categories":[9,11],"tags":[],"class_list":["post-541","post","type-post","status-publish","format-standard","has-post-thumbnail","hentry","category-araxa","category-destaques"],"_links":{"self":[{"href":"http:\/\/blogdoarmindomaia.com.br\/index.php?rest_route=\/wp\/v2\/posts\/541","targetHints":{"allow":["GET"]}}],"collection":[{"href":"http:\/\/blogdoarmindomaia.com.br\/index.php?rest_route=\/wp\/v2\/posts"}],"about":[{"href":"http:\/\/blogdoarmindomaia.com.br\/index.php?rest_route=\/wp\/v2\/types\/post"}],"author":[{"embeddable":true,"href":"http:\/\/blogdoarmindomaia.com.br\/index.php?rest_route=\/wp\/v2\/users\/2"}],"replies":[{"embeddable":true,"href":"http:\/\/blogdoarmindomaia.com.br\/index.php?rest_route=%2Fwp%2Fv2%2Fcomments&post=541"}],"version-history":[{"count":1,"href":"http:\/\/blogdoarmindomaia.com.br\/index.php?rest_route=\/wp\/v2\/posts\/541\/revisions"}],"predecessor-version":[{"id":543,"href":"http:\/\/blogdoarmindomaia.com.br\/index.php?rest_route=\/wp\/v2\/posts\/541\/revisions\/543"}],"wp:featuredmedia":[{"embeddable":true,"href":"http:\/\/blogdoarmindomaia.com.br\/index.php?rest_route=\/wp\/v2\/media\/542"}],"wp:attachment":[{"href":"http:\/\/blogdoarmindomaia.com.br\/index.php?rest_route=%2Fwp%2Fv2%2Fmedia&parent=541"}],"wp:term":[{"taxonomy":"category","embeddable":true,"href":"http:\/\/blogdoarmindomaia.com.br\/index.php?rest_route=%2Fwp%2Fv2%2Fcategories&post=541"},{"taxonomy":"post_tag","embeddable":true,"href":"http:\/\/blogdoarmindomaia.com.br\/index.php?rest_route=%2Fwp%2Fv2%2Ftags&post=541"}],"curies":[{"name":"wp","href":"https:\/\/api.w.org\/{rel}","templated":true}]}}