{"id":5418,"date":"2023-06-16T11:00:45","date_gmt":"2023-06-16T14:00:45","guid":{"rendered":"http:\/\/blogdoarmindomaia.com.br\/?p=5418"},"modified":"2023-06-16T11:00:47","modified_gmt":"2023-06-16T14:00:47","slug":"senai-sebrae-e-prefeitura-promovem-aula-inaugural-do-nucleo-de-empreendedorismo-juvenil","status":"publish","type":"post","link":"http:\/\/blogdoarmindomaia.com.br\/?p=5418","title":{"rendered":"Senai, Sebrae e Prefeitura promovem aula inaugural do N\u00facleo de Empreendedorismo Juvenil"},"content":{"rendered":"\n<figure class=\"wp-block-image size-full is-style-default\"><img loading=\"lazy\" decoding=\"async\" width=\"1024\" height=\"683\" src=\"http:\/\/blogdoarmindomaia.com.br\/wp-content\/uploads\/2023\/06\/Nucleo-de-Empreendedorismo-Juvenil-8.jpeg\" alt=\"\" class=\"wp-image-5419\" srcset=\"http:\/\/blogdoarmindomaia.com.br\/wp-content\/uploads\/2023\/06\/Nucleo-de-Empreendedorismo-Juvenil-8.jpeg 1024w, http:\/\/blogdoarmindomaia.com.br\/wp-content\/uploads\/2023\/06\/Nucleo-de-Empreendedorismo-Juvenil-8-300x200.jpeg 300w, http:\/\/blogdoarmindomaia.com.br\/wp-content\/uploads\/2023\/06\/Nucleo-de-Empreendedorismo-Juvenil-8-768x512.jpeg 768w\" sizes=\"auto, (max-width: 1024px) 100vw, 1024px\" \/><\/figure>\n\n\n\n<p>Um projeto que transforma vidas e a realidade de toda uma comunidade. Este \u00e9 o N\u00facleo de Empreendedorismo Juvenil (NEJ), que teve sua aula inaugural realizada na semana que passou. A parceria entre a Prefeitura de Arax\u00e1, o Servi\u00e7o Brasileiro de Apoio \u00e0s Micro e Pequenas Empresas (Sebrae Minas) e Servi\u00e7o Nacional de Aprendizagem Industrial (Senai Minas) visa a prepara\u00e7\u00e3o de jovens para os desafios do mercado de trabalho e desenvolvimento de habilidades e t\u00e9cnicas para empreender, por meio do programa Escola do Empreendedorismo. O lan\u00e7amento contou com as presen\u00e7as do prefeito Robson Magela; do superintendente do Sebrae Minas, Afonso Rocha; do gerente do Sesi Senai de Arax\u00e1, Jefferson Cordeiro; dos vereadores Raphael Rios e Wellington Martins; do secret\u00e1rio municipal de Desenvolvimento Econ\u00f4mico, Inova\u00e7\u00e3o e Turismo, Juliano Cesar da Silva; do superintendente de Turismo e Inova\u00e7\u00e3o, Ricardo Ruas; do analista do Sebrae Arax\u00e1, Alessandro Souza; demais representantes das entidades parceiras e dos alunos aprovados no processo seletivo. A iniciativa promissora oferece gratuitamente o curso t\u00e9cnico de Administra\u00e7\u00e3o com \u00eanfase em Empreendedorismo para 72 jovens (16 a 30 anos) de escolas p\u00fablicas de Arax\u00e1, que estejam cursando ou que j\u00e1 tenham conclu\u00eddo o ensino m\u00e9dio. O projeto \u00e9 aplicado pelo Senai Minas e conta com a metodologia da Escola do Sebrae (NEJ), sendo financiado com recursos pr\u00f3prios da Prefeitura de Arax\u00e1, R$ 300 mil, via indica\u00e7\u00e3o do vereador Raphael Rios. O prefeito Robson Magela relata sobre a satisfa\u00e7\u00e3o da Administra\u00e7\u00e3o Municipal em poder oferecer a tantos jovens um curso de qualidade, em parceria com o Senai e o Sebrae.<br><br><br><\/p>\n","protected":false},"excerpt":{"rendered":"<p>Um projeto que transforma vidas e a realidade de toda uma comunidade. Este \u00e9 o N\u00facleo de Empreendedorismo Juvenil (NEJ),<\/p>\n","protected":false},"author":2,"featured_media":5419,"comment_status":"open","ping_status":"open","sticky":false,"template":"","format":"standard","meta":{"footnotes":""},"categories":[9,13],"tags":[],"class_list":["post-5418","post","type-post","status-publish","format-standard","has-post-thumbnail","hentry","category-araxa","category-educacao"],"_links":{"self":[{"href":"http:\/\/blogdoarmindomaia.com.br\/index.php?rest_route=\/wp\/v2\/posts\/5418","targetHints":{"allow":["GET"]}}],"collection":[{"href":"http:\/\/blogdoarmindomaia.com.br\/index.php?rest_route=\/wp\/v2\/posts"}],"about":[{"href":"http:\/\/blogdoarmindomaia.com.br\/index.php?rest_route=\/wp\/v2\/types\/post"}],"author":[{"embeddable":true,"href":"http:\/\/blogdoarmindomaia.com.br\/index.php?rest_route=\/wp\/v2\/users\/2"}],"replies":[{"embeddable":true,"href":"http:\/\/blogdoarmindomaia.com.br\/index.php?rest_route=%2Fwp%2Fv2%2Fcomments&post=5418"}],"version-history":[{"count":1,"href":"http:\/\/blogdoarmindomaia.com.br\/index.php?rest_route=\/wp\/v2\/posts\/5418\/revisions"}],"predecessor-version":[{"id":5420,"href":"http:\/\/blogdoarmindomaia.com.br\/index.php?rest_route=\/wp\/v2\/posts\/5418\/revisions\/5420"}],"wp:featuredmedia":[{"embeddable":true,"href":"http:\/\/blogdoarmindomaia.com.br\/index.php?rest_route=\/wp\/v2\/media\/5419"}],"wp:attachment":[{"href":"http:\/\/blogdoarmindomaia.com.br\/index.php?rest_route=%2Fwp%2Fv2%2Fmedia&parent=5418"}],"wp:term":[{"taxonomy":"category","embeddable":true,"href":"http:\/\/blogdoarmindomaia.com.br\/index.php?rest_route=%2Fwp%2Fv2%2Fcategories&post=5418"},{"taxonomy":"post_tag","embeddable":true,"href":"http:\/\/blogdoarmindomaia.com.br\/index.php?rest_route=%2Fwp%2Fv2%2Ftags&post=5418"}],"curies":[{"name":"wp","href":"https:\/\/api.w.org\/{rel}","templated":true}]}}