{"id":5421,"date":"2023-06-16T11:03:55","date_gmt":"2023-06-16T14:03:55","guid":{"rendered":"http:\/\/blogdoarmindomaia.com.br\/?p=5421"},"modified":"2023-06-16T11:03:58","modified_gmt":"2023-06-16T14:03:58","slug":"projeto-psicologo-na-escola-abrange-todas-as-escolas-e-creches-da-prefeitura-de-araxa","status":"publish","type":"post","link":"http:\/\/blogdoarmindomaia.com.br\/?p=5421","title":{"rendered":"Projeto Psic\u00f3logo na Escola abrange todas as escolas e creches da Prefeitura de Arax\u00e1"},"content":{"rendered":"\n<p><\/p>\n\n\n\n<p><\/p>\n\n\n\n<figure class=\"wp-block-image size-full is-style-default\"><img loading=\"lazy\" decoding=\"async\" width=\"959\" height=\"620\" src=\"http:\/\/blogdoarmindomaia.com.br\/wp-content\/uploads\/2023\/06\/Projeto-Psicologo-na-Escola-abrange-todas-as-escolas-e-creches-da-Prefeitura-de-Araxa-pag-06.jpeg\" alt=\"\" class=\"wp-image-5422\" srcset=\"http:\/\/blogdoarmindomaia.com.br\/wp-content\/uploads\/2023\/06\/Projeto-Psicologo-na-Escola-abrange-todas-as-escolas-e-creches-da-Prefeitura-de-Araxa-pag-06.jpeg 959w, http:\/\/blogdoarmindomaia.com.br\/wp-content\/uploads\/2023\/06\/Projeto-Psicologo-na-Escola-abrange-todas-as-escolas-e-creches-da-Prefeitura-de-Araxa-pag-06-300x194.jpeg 300w, http:\/\/blogdoarmindomaia.com.br\/wp-content\/uploads\/2023\/06\/Projeto-Psicologo-na-Escola-abrange-todas-as-escolas-e-creches-da-Prefeitura-de-Araxa-pag-06-768x497.jpeg 768w\" sizes=\"auto, (max-width: 959px) 100vw, 959px\" \/><\/figure>\n\n\n\n<p>Atendimento especializado, acolhimento e orienta\u00e7\u00e3o junto \u00e0 comunidade escolar. A Prefeitura de Arax\u00e1, por meio da Secretaria Municipal de Educa\u00e7\u00e3o, implantou em 2021 o projeto Psic\u00f3logo na Escola nas Unidades da Rede Municipal de Ensino. A iniciativa abrange todos alunos da Educa\u00e7\u00e3o Infantil e Ensino Fundamental 1 e 2.<br><br>O objetivo \u00e9 desenvolver a\u00e7\u00f5es integradas para a melhoria da qualidade do processo de ensino-aprendizagem, com a participa\u00e7\u00e3o da comunidade escolar, atuando na media\u00e7\u00e3o das rela\u00e7\u00f5es entre escola, fam\u00edlia e comunidade.<br><br>O profissional tem como atribui\u00e7\u00e3o estudar e intervir no comportamento humano dentro do contexto da Educa\u00e7\u00e3o. S\u00e3o 14 psic\u00f3logos que atuam em sistema de rod\u00edzio de atendimento em casos apontados e demandados pela Equipe Pedag\u00f3gica da escola. S\u00e3o realizadas rodas de conversas coletivas, orienta\u00e7\u00f5es individuais, palestras e, se necess\u00e1rio, encaminhamento para \u00f3rg\u00e3os da sa\u00fade do Munic\u00edpio.<br><br>De acordo com a secret\u00e1ria municipal de Educa\u00e7\u00e3o, Zulma Moreira, a atua\u00e7\u00e3o dos psic\u00f3logos \u00e9 de abordagem escolar (n\u00e3o cl\u00ednica), conforme regulamenta\u00e7\u00e3o do Conselho Federal de Psicologia. Desta maneira, o profissional contribui com o avan\u00e7o, otimiza o processo de aprendizagem e trabalha no \u00e2mbito da preven\u00e7\u00e3o quanto \u00e0s demandas emocionais relacionadas ao ambiente escolar ou familiares.<br><br>\u201cEsses profissionais contribuem e mant\u00eam uma atua\u00e7\u00e3o preventiva de sa\u00fade nas Unidades de Ensino, promovendo a\u00e7\u00f5es que auxiliam alunos, servidores e familiares a enfrentar problemas que afetam o emocional, prevenindo e minimizando sintomas psicol\u00f3gicos. Essas compet\u00eancias v\u00e3o ao encontro da preven\u00e7\u00e3o, especialmente na melhoria da adapta\u00e7\u00e3o e na promo\u00e7\u00e3o do bem-estar no ambiente escolar\u201d, afirma a secret\u00e1ria.<br><\/p>\n","protected":false},"excerpt":{"rendered":"<p>Atendimento especializado, acolhimento e orienta\u00e7\u00e3o junto \u00e0 comunidade escolar. A Prefeitura de Arax\u00e1, por meio da Secretaria Municipal de Educa\u00e7\u00e3o,<\/p>\n","protected":false},"author":2,"featured_media":5422,"comment_status":"open","ping_status":"open","sticky":false,"template":"","format":"standard","meta":{"footnotes":""},"categories":[9,11],"tags":[],"class_list":["post-5421","post","type-post","status-publish","format-standard","has-post-thumbnail","hentry","category-araxa","category-destaques"],"_links":{"self":[{"href":"http:\/\/blogdoarmindomaia.com.br\/index.php?rest_route=\/wp\/v2\/posts\/5421","targetHints":{"allow":["GET"]}}],"collection":[{"href":"http:\/\/blogdoarmindomaia.com.br\/index.php?rest_route=\/wp\/v2\/posts"}],"about":[{"href":"http:\/\/blogdoarmindomaia.com.br\/index.php?rest_route=\/wp\/v2\/types\/post"}],"author":[{"embeddable":true,"href":"http:\/\/blogdoarmindomaia.com.br\/index.php?rest_route=\/wp\/v2\/users\/2"}],"replies":[{"embeddable":true,"href":"http:\/\/blogdoarmindomaia.com.br\/index.php?rest_route=%2Fwp%2Fv2%2Fcomments&post=5421"}],"version-history":[{"count":1,"href":"http:\/\/blogdoarmindomaia.com.br\/index.php?rest_route=\/wp\/v2\/posts\/5421\/revisions"}],"predecessor-version":[{"id":5423,"href":"http:\/\/blogdoarmindomaia.com.br\/index.php?rest_route=\/wp\/v2\/posts\/5421\/revisions\/5423"}],"wp:featuredmedia":[{"embeddable":true,"href":"http:\/\/blogdoarmindomaia.com.br\/index.php?rest_route=\/wp\/v2\/media\/5422"}],"wp:attachment":[{"href":"http:\/\/blogdoarmindomaia.com.br\/index.php?rest_route=%2Fwp%2Fv2%2Fmedia&parent=5421"}],"wp:term":[{"taxonomy":"category","embeddable":true,"href":"http:\/\/blogdoarmindomaia.com.br\/index.php?rest_route=%2Fwp%2Fv2%2Fcategories&post=5421"},{"taxonomy":"post_tag","embeddable":true,"href":"http:\/\/blogdoarmindomaia.com.br\/index.php?rest_route=%2Fwp%2Fv2%2Ftags&post=5421"}],"curies":[{"name":"wp","href":"https:\/\/api.w.org\/{rel}","templated":true}]}}