{"id":5440,"date":"2023-06-19T14:16:44","date_gmt":"2023-06-19T17:16:44","guid":{"rendered":"http:\/\/blogdoarmindomaia.com.br\/?p=5440"},"modified":"2023-06-19T14:16:46","modified_gmt":"2023-06-19T17:16:46","slug":"prefeitura-de-araxa-abre-processo-seletivo-para-contratacao-de-enfermeiros-para-as-esfs","status":"publish","type":"post","link":"http:\/\/blogdoarmindomaia.com.br\/?p=5440","title":{"rendered":"Prefeitura de Arax\u00e1 abre processo seletivo para contrata\u00e7\u00e3o de enfermeiros para as ESFs"},"content":{"rendered":"\n<figure class=\"wp-block-image size-full is-style-default\"><img loading=\"lazy\" decoding=\"async\" width=\"1024\" height=\"683\" src=\"http:\/\/blogdoarmindomaia.com.br\/wp-content\/uploads\/2023\/06\/Prefeitura-de-Araxa-abre-processo-seletivo-para-contratacao-de-enfermeiros-pag-08.jpeg\" alt=\"\" class=\"wp-image-5441\" srcset=\"http:\/\/blogdoarmindomaia.com.br\/wp-content\/uploads\/2023\/06\/Prefeitura-de-Araxa-abre-processo-seletivo-para-contratacao-de-enfermeiros-pag-08.jpeg 1024w, http:\/\/blogdoarmindomaia.com.br\/wp-content\/uploads\/2023\/06\/Prefeitura-de-Araxa-abre-processo-seletivo-para-contratacao-de-enfermeiros-pag-08-300x200.jpeg 300w, http:\/\/blogdoarmindomaia.com.br\/wp-content\/uploads\/2023\/06\/Prefeitura-de-Araxa-abre-processo-seletivo-para-contratacao-de-enfermeiros-pag-08-768x512.jpeg 768w\" sizes=\"auto, (max-width: 1024px) 100vw, 1024px\" \/><\/figure>\n\n\n\n<p>A Prefeitura de Arax\u00e1 abriu um novo processo seletivo para a contrata\u00e7\u00e3o de enfermeiros que ir\u00e3o atender nas Estrat\u00e9gias de Sa\u00fade da Fam\u00edlia (ESFs). As inscri\u00e7\u00f5es ficam abertas at\u00e9 o dia 2 de julho de 2023 e s\u00e3o realizadas exclusivamente pelo e-mail (\u00a0<a rel=\"noreferrer noopener\" href=\"mailto:processoseletivo.esfaraxa@gmail.com\" target=\"_blank\">processoseletivo.esfaraxa@gmail.com<\/a>\u00a0).<br><br>O processo seletivo consta de tr\u00eas etapas, sendo An\u00e1lise de Curr\u00edculo, Avalia\u00e7\u00e3o Social e Exame M\u00e9dico com Entrega de Documentos. A expectativa da Secretaria Municipal de Sa\u00fade \u00e9 que, com o preenchimento das vagas, esses profissionais j\u00e1 sejam convocados para que iniciem, de imediato, o atendimento nas ESFs de Arax\u00e1.<br><br>O processo seletivo oferece a remunera\u00e7\u00e3o de R$ 4.750, mais benef\u00edcios. O edital com todas as\u00a0<\/p>\n","protected":false},"excerpt":{"rendered":"<p>A Prefeitura de Arax\u00e1 abriu um novo processo seletivo para a contrata\u00e7\u00e3o de enfermeiros que ir\u00e3o atender nas Estrat\u00e9gias de<\/p>\n","protected":false},"author":2,"featured_media":5441,"comment_status":"open","ping_status":"open","sticky":false,"template":"","format":"standard","meta":{"footnotes":""},"categories":[9,11],"tags":[],"class_list":["post-5440","post","type-post","status-publish","format-standard","has-post-thumbnail","hentry","category-araxa","category-destaques"],"_links":{"self":[{"href":"http:\/\/blogdoarmindomaia.com.br\/index.php?rest_route=\/wp\/v2\/posts\/5440","targetHints":{"allow":["GET"]}}],"collection":[{"href":"http:\/\/blogdoarmindomaia.com.br\/index.php?rest_route=\/wp\/v2\/posts"}],"about":[{"href":"http:\/\/blogdoarmindomaia.com.br\/index.php?rest_route=\/wp\/v2\/types\/post"}],"author":[{"embeddable":true,"href":"http:\/\/blogdoarmindomaia.com.br\/index.php?rest_route=\/wp\/v2\/users\/2"}],"replies":[{"embeddable":true,"href":"http:\/\/blogdoarmindomaia.com.br\/index.php?rest_route=%2Fwp%2Fv2%2Fcomments&post=5440"}],"version-history":[{"count":1,"href":"http:\/\/blogdoarmindomaia.com.br\/index.php?rest_route=\/wp\/v2\/posts\/5440\/revisions"}],"predecessor-version":[{"id":5442,"href":"http:\/\/blogdoarmindomaia.com.br\/index.php?rest_route=\/wp\/v2\/posts\/5440\/revisions\/5442"}],"wp:featuredmedia":[{"embeddable":true,"href":"http:\/\/blogdoarmindomaia.com.br\/index.php?rest_route=\/wp\/v2\/media\/5441"}],"wp:attachment":[{"href":"http:\/\/blogdoarmindomaia.com.br\/index.php?rest_route=%2Fwp%2Fv2%2Fmedia&parent=5440"}],"wp:term":[{"taxonomy":"category","embeddable":true,"href":"http:\/\/blogdoarmindomaia.com.br\/index.php?rest_route=%2Fwp%2Fv2%2Fcategories&post=5440"},{"taxonomy":"post_tag","embeddable":true,"href":"http:\/\/blogdoarmindomaia.com.br\/index.php?rest_route=%2Fwp%2Fv2%2Ftags&post=5440"}],"curies":[{"name":"wp","href":"https:\/\/api.w.org\/{rel}","templated":true}]}}