{"id":5447,"date":"2023-06-19T14:32:03","date_gmt":"2023-06-19T17:32:03","guid":{"rendered":"http:\/\/blogdoarmindomaia.com.br\/?p=5447"},"modified":"2023-06-19T14:32:07","modified_gmt":"2023-06-19T17:32:07","slug":"comitiva-de-araxa-participa-de-mais-uma-reuniao-no-mec-para-implantacao-de-universidade-federal","status":"publish","type":"post","link":"http:\/\/blogdoarmindomaia.com.br\/?p=5447","title":{"rendered":"Comitiva de Arax\u00e1 participa de mais uma reuni\u00e3o no MEC para implanta\u00e7\u00e3o de Universidade Federal"},"content":{"rendered":"\n<figure class=\"wp-block-image size-full is-style-default\"><img loading=\"lazy\" decoding=\"async\" width=\"1024\" height=\"768\" src=\"http:\/\/blogdoarmindomaia.com.br\/wp-content\/uploads\/2023\/06\/Comitiva-de-Araxa-participa-de-mais-uma-reuniao-no-MEC-pag-07.jpeg\" alt=\"\" class=\"wp-image-5448\" srcset=\"http:\/\/blogdoarmindomaia.com.br\/wp-content\/uploads\/2023\/06\/Comitiva-de-Araxa-participa-de-mais-uma-reuniao-no-MEC-pag-07.jpeg 1024w, http:\/\/blogdoarmindomaia.com.br\/wp-content\/uploads\/2023\/06\/Comitiva-de-Araxa-participa-de-mais-uma-reuniao-no-MEC-pag-07-300x225.jpeg 300w, http:\/\/blogdoarmindomaia.com.br\/wp-content\/uploads\/2023\/06\/Comitiva-de-Araxa-participa-de-mais-uma-reuniao-no-MEC-pag-07-768x576.jpeg 768w\" sizes=\"auto, (max-width: 1024px) 100vw, 1024px\" \/><\/figure>\n\n\n\n<figure class=\"wp-block-image size-full is-style-default\"><img loading=\"lazy\" decoding=\"async\" width=\"1024\" height=\"768\" src=\"http:\/\/blogdoarmindomaia.com.br\/wp-content\/uploads\/2023\/06\/Reuniao-com-o-MEC-3.jpeg\" alt=\"\" class=\"wp-image-5449\" srcset=\"http:\/\/blogdoarmindomaia.com.br\/wp-content\/uploads\/2023\/06\/Reuniao-com-o-MEC-3.jpeg 1024w, http:\/\/blogdoarmindomaia.com.br\/wp-content\/uploads\/2023\/06\/Reuniao-com-o-MEC-3-300x225.jpeg 300w, http:\/\/blogdoarmindomaia.com.br\/wp-content\/uploads\/2023\/06\/Reuniao-com-o-MEC-3-768x576.jpeg 768w\" sizes=\"auto, (max-width: 1024px) 100vw, 1024px\" \/><\/figure>\n\n\n\n<p>Uma comitiva de Arax\u00e1 participou de mais uma reuni\u00e3o com o Minist\u00e9rio da Educa\u00e7\u00e3o (MEC) para avan\u00e7ar nas negocia\u00e7\u00f5es da implanta\u00e7\u00e3o de uma Universidade Federal na cidade. A reuni\u00e3o aconteceu no \u00faltimo final de semana (15), em Bras\u00edlia.<br><br>O prefeito Robson Magela foi representado pela secret\u00e1ria municipal de Educa\u00e7\u00e3o, Zulma Moreira, e tamb\u00e9m participaram os vereadores Raphael Rios e Leni Nobre, e o reitor do Uniarax\u00e1, Jos\u00e9 Oscar de Melo.<br><br>A comitiva foi recebida pela diretora da Divis\u00e3o de Forma\u00e7\u00e3o Especializada do MEC, T\u00e2nia Mara Francisco, pelo coordenador-Geral de Articula\u00e7\u00e3o Institucional, Jackson Raymundo, e a assessora especial de assuntos parlamentares, Rachel Ara\u00fajo Moreira.<br><br>Zulma ressalta que a reuni\u00e3o foi muito produtiva. \u201cNeste novo encontro, n\u00f3s avan\u00e7amos muito, uma vez que foram nos passado novas coordenadas e quais as possibilidades que s\u00e3o vi\u00e1veis. Ent\u00e3o, a partir de agora vamos caminhar e fazer de tudo para que d\u00ea certo a implanta\u00e7\u00e3o de uma Universidade Federal em Arax\u00e1\u201d, reafirma.<br><br>A diretora da Divis\u00e3o de Forma\u00e7\u00e3o Especializada do MEC, T\u00e2nia Mara Francisco, afirma que Arax\u00e1 atende v\u00e1rios requisitos para a implanta\u00e7\u00e3o de um campus federal. \u201cE para que isso seja poss\u00edvel as pr\u00f3ximas etapas precisam ser cumpridas. Agora novos documentos ser\u00e3o protocolados no MEC para a sequ\u00eancia das negocia\u00e7\u00f5es\u201d , conclui.<\/p>\n","protected":false},"excerpt":{"rendered":"<p>Uma comitiva de Arax\u00e1 participou de mais uma reuni\u00e3o com o Minist\u00e9rio da Educa\u00e7\u00e3o (MEC) para avan\u00e7ar nas negocia\u00e7\u00f5es da<\/p>\n","protected":false},"author":2,"featured_media":5449,"comment_status":"open","ping_status":"open","sticky":false,"template":"","format":"standard","meta":{"footnotes":""},"categories":[9,11,13],"tags":[],"class_list":["post-5447","post","type-post","status-publish","format-standard","has-post-thumbnail","hentry","category-araxa","category-destaques","category-educacao"],"_links":{"self":[{"href":"http:\/\/blogdoarmindomaia.com.br\/index.php?rest_route=\/wp\/v2\/posts\/5447","targetHints":{"allow":["GET"]}}],"collection":[{"href":"http:\/\/blogdoarmindomaia.com.br\/index.php?rest_route=\/wp\/v2\/posts"}],"about":[{"href":"http:\/\/blogdoarmindomaia.com.br\/index.php?rest_route=\/wp\/v2\/types\/post"}],"author":[{"embeddable":true,"href":"http:\/\/blogdoarmindomaia.com.br\/index.php?rest_route=\/wp\/v2\/users\/2"}],"replies":[{"embeddable":true,"href":"http:\/\/blogdoarmindomaia.com.br\/index.php?rest_route=%2Fwp%2Fv2%2Fcomments&post=5447"}],"version-history":[{"count":1,"href":"http:\/\/blogdoarmindomaia.com.br\/index.php?rest_route=\/wp\/v2\/posts\/5447\/revisions"}],"predecessor-version":[{"id":5450,"href":"http:\/\/blogdoarmindomaia.com.br\/index.php?rest_route=\/wp\/v2\/posts\/5447\/revisions\/5450"}],"wp:featuredmedia":[{"embeddable":true,"href":"http:\/\/blogdoarmindomaia.com.br\/index.php?rest_route=\/wp\/v2\/media\/5449"}],"wp:attachment":[{"href":"http:\/\/blogdoarmindomaia.com.br\/index.php?rest_route=%2Fwp%2Fv2%2Fmedia&parent=5447"}],"wp:term":[{"taxonomy":"category","embeddable":true,"href":"http:\/\/blogdoarmindomaia.com.br\/index.php?rest_route=%2Fwp%2Fv2%2Fcategories&post=5447"},{"taxonomy":"post_tag","embeddable":true,"href":"http:\/\/blogdoarmindomaia.com.br\/index.php?rest_route=%2Fwp%2Fv2%2Ftags&post=5447"}],"curies":[{"name":"wp","href":"https:\/\/api.w.org\/{rel}","templated":true}]}}