{"id":5451,"date":"2023-06-20T11:01:46","date_gmt":"2023-06-20T14:01:46","guid":{"rendered":"http:\/\/blogdoarmindomaia.com.br\/?p=5451"},"modified":"2023-06-20T11:01:48","modified_gmt":"2023-06-20T14:01:48","slug":"prefeitura-abre-credenciamento-para-a-contratacao-de-empresas-especializadas-em-operacao-tapa-buracos","status":"publish","type":"post","link":"http:\/\/blogdoarmindomaia.com.br\/?p=5451","title":{"rendered":"\u00a0Prefeitura abre credenciamento para a contrata\u00e7\u00e3o de empresas especializadas em Opera\u00e7\u00e3o Tapa-Buracos"},"content":{"rendered":"\n<figure class=\"wp-block-image size-full is-style-default\"><img loading=\"lazy\" decoding=\"async\" width=\"1024\" height=\"683\" src=\"http:\/\/blogdoarmindomaia.com.br\/wp-content\/uploads\/2023\/06\/Tapa-buracos.jpeg\" alt=\"\" class=\"wp-image-5452\" srcset=\"http:\/\/blogdoarmindomaia.com.br\/wp-content\/uploads\/2023\/06\/Tapa-buracos.jpeg 1024w, http:\/\/blogdoarmindomaia.com.br\/wp-content\/uploads\/2023\/06\/Tapa-buracos-300x200.jpeg 300w, http:\/\/blogdoarmindomaia.com.br\/wp-content\/uploads\/2023\/06\/Tapa-buracos-768x512.jpeg 768w\" sizes=\"auto, (max-width: 1024px) 100vw, 1024px\" \/><\/figure>\n\n\n\n<p>A Secretaria Municipal de Obras P\u00fablicas e Mobilidade Urbana lan\u00e7ou edital para credenciamento de Pessoas Jur\u00eddicas para presta\u00e7\u00e3o de servi\u00e7os em Opera\u00e7\u00e3o Tapa-Buracos.<br><br>A expectativa \u00e9 que a partir do segundo semestre de 2023 j\u00e1 ocorra amplia\u00e7\u00f5es, uma vez que os profissionais est\u00e3o na fase de apresenta\u00e7\u00e3o dos documentos, e o Setor de Licita\u00e7\u00e3o deve concluir o ato de credenciamento atrav\u00e9s de publica\u00e7\u00e3o oficial.<br><br>O credenciamento iniciou nesta sexta-feira (16) e permanecer\u00e1 aberto por 12 meses. Nesse mesmo per\u00edodo, as empresas poder\u00e3o requerer seu credenciamento de acordo com o cronograma previsto no edital. Qualquer empresa cujo ramo de atividade seja compat\u00edvel com o objeto a ser contratado poder\u00e1 ser selecionada.<br><br>As empresas interessadas devem requerer por escrito o seu credenciamento de forma presencial e apresentar sua proposta de pre\u00e7os e os documentos de habilita\u00e7\u00e3o, conforme o edital.<br><br>O processo de contrata\u00e7\u00e3o se d\u00e1 por apresenta\u00e7\u00e3o da documenta\u00e7\u00e3o no Centro Administrativo, localizado na avenida Ros\u00e1lia Isaura de Ara\u00fajo, n\u00ba 275, em hor\u00e1rio comercial. A listagem completa est\u00e1 discriminada no edital dispon\u00edvel no site oficial da Prefeitura Municipal de Arax\u00e1 (&nbsp;<a href=\"http:\/\/www.araxa.mg.gov.br\/\" target=\"_blank\" rel=\"noreferrer noopener\">www.araxa.mg.gov.br<\/a>&nbsp;); Licita\u00e7\u00f5es; Edital Inexigibilidade por Credenciamento n\u00ba 12.004\/2023.<br><br>O secret\u00e1rio municipal de Obras P\u00fablicas, \u00c2ngelo Fran\u00e7a, explica que a amplia\u00e7\u00e3o do servi\u00e7o contribuir\u00e1 para solucionar de forma \u00e1gil a demanda por tapa-buracos em toda a cidade.<br><br>O credenciamento \u00e9 uma iniciativa bastante ben\u00e9fica, pois, dessa forma, podemos angariar mais empresas para atingir a meta da Administra\u00e7\u00e3o P\u00fablica, que busca pela contrata\u00e7\u00e3o de mais quatro frentes de trabalho. O intuito \u00e9 montar uma for\u00e7a-tarefa e realizar a demanda, de forma r\u00e1pida, em toda a cidade\u201d, afirma o secret\u00e1rio.<br><br>O prefeito Robson Magela destaca que a infraestrutura da cidade tem recebido grandes a\u00e7\u00f5es e investimentos, e que a Gest\u00e3o Municipal continua trabalhando com objetivo de ampliar a seguran\u00e7a e proporcionar qualidade de vida para condutores e pedestres.<br><br>&#8220;A\u00e7\u00f5es como essa afetam diretamente na vida dos araxaenses. Este trabalho com certeza ir\u00e1 trazer melhorias. Sabemos que s\u00e3o diversos os pontos que est\u00e3o necessitando dessa a\u00e7\u00e3o, e a gest\u00e3o est\u00e1 trabalhando para que a popula\u00e7\u00e3o receba asfalto de qualidade, mais conforto e seguran\u00e7a da forma como merece&#8221;, diz o prefeito.<\/p>\n","protected":false},"excerpt":{"rendered":"<p>A Secretaria Municipal de Obras P\u00fablicas e Mobilidade Urbana lan\u00e7ou edital para credenciamento de Pessoas Jur\u00eddicas para presta\u00e7\u00e3o de servi\u00e7os<\/p>\n","protected":false},"author":2,"featured_media":5452,"comment_status":"open","ping_status":"open","sticky":false,"template":"","format":"standard","meta":{"footnotes":""},"categories":[9,8],"tags":[],"class_list":["post-5451","post","type-post","status-publish","format-standard","has-post-thumbnail","hentry","category-araxa","category-cidades"],"_links":{"self":[{"href":"http:\/\/blogdoarmindomaia.com.br\/index.php?rest_route=\/wp\/v2\/posts\/5451","targetHints":{"allow":["GET"]}}],"collection":[{"href":"http:\/\/blogdoarmindomaia.com.br\/index.php?rest_route=\/wp\/v2\/posts"}],"about":[{"href":"http:\/\/blogdoarmindomaia.com.br\/index.php?rest_route=\/wp\/v2\/types\/post"}],"author":[{"embeddable":true,"href":"http:\/\/blogdoarmindomaia.com.br\/index.php?rest_route=\/wp\/v2\/users\/2"}],"replies":[{"embeddable":true,"href":"http:\/\/blogdoarmindomaia.com.br\/index.php?rest_route=%2Fwp%2Fv2%2Fcomments&post=5451"}],"version-history":[{"count":1,"href":"http:\/\/blogdoarmindomaia.com.br\/index.php?rest_route=\/wp\/v2\/posts\/5451\/revisions"}],"predecessor-version":[{"id":5453,"href":"http:\/\/blogdoarmindomaia.com.br\/index.php?rest_route=\/wp\/v2\/posts\/5451\/revisions\/5453"}],"wp:featuredmedia":[{"embeddable":true,"href":"http:\/\/blogdoarmindomaia.com.br\/index.php?rest_route=\/wp\/v2\/media\/5452"}],"wp:attachment":[{"href":"http:\/\/blogdoarmindomaia.com.br\/index.php?rest_route=%2Fwp%2Fv2%2Fmedia&parent=5451"}],"wp:term":[{"taxonomy":"category","embeddable":true,"href":"http:\/\/blogdoarmindomaia.com.br\/index.php?rest_route=%2Fwp%2Fv2%2Fcategories&post=5451"},{"taxonomy":"post_tag","embeddable":true,"href":"http:\/\/blogdoarmindomaia.com.br\/index.php?rest_route=%2Fwp%2Fv2%2Ftags&post=5451"}],"curies":[{"name":"wp","href":"https:\/\/api.w.org\/{rel}","templated":true}]}}