{"id":5454,"date":"2023-06-20T11:05:59","date_gmt":"2023-06-20T14:05:59","guid":{"rendered":"http:\/\/blogdoarmindomaia.com.br\/?p=5454"},"modified":"2023-06-20T11:06:02","modified_gmt":"2023-06-20T14:06:02","slug":"projeto-acolhendo-arvores-continua-arrecadando-quadradinhos-da-vovo","status":"publish","type":"post","link":"http:\/\/blogdoarmindomaia.com.br\/?p=5454","title":{"rendered":"Projeto Acolhendo \u00c1rvores continua arrecadando Quadradinhos da Vov\u00f3"},"content":{"rendered":"\n<figure class=\"wp-block-image size-large is-style-default\"><img loading=\"lazy\" decoding=\"async\" width=\"1024\" height=\"1024\" src=\"http:\/\/blogdoarmindomaia.com.br\/wp-content\/uploads\/2023\/06\/Acolhendo-Arvores-1024x1024.jpeg\" alt=\"\" class=\"wp-image-5455\" srcset=\"http:\/\/blogdoarmindomaia.com.br\/wp-content\/uploads\/2023\/06\/Acolhendo-Arvores-1024x1024.jpeg 1024w, http:\/\/blogdoarmindomaia.com.br\/wp-content\/uploads\/2023\/06\/Acolhendo-Arvores-300x300.jpeg 300w, http:\/\/blogdoarmindomaia.com.br\/wp-content\/uploads\/2023\/06\/Acolhendo-Arvores-150x150.jpeg 150w, http:\/\/blogdoarmindomaia.com.br\/wp-content\/uploads\/2023\/06\/Acolhendo-Arvores-768x768.jpeg 768w, http:\/\/blogdoarmindomaia.com.br\/wp-content\/uploads\/2023\/06\/Acolhendo-Arvores-1536x1536.jpeg 1536w, http:\/\/blogdoarmindomaia.com.br\/wp-content\/uploads\/2023\/06\/Acolhendo-Arvores.jpeg 1600w\" sizes=\"auto, (max-width: 1024px) 100vw, 1024px\" \/><\/figure>\n\n\n\n<p><br><br>A Funda\u00e7\u00e3o Cultural Calmon Barreto (FCCB) convida toda a comunidade de crocheteiros de Arax\u00e1 para participar do projeto Acolhendo \u00c1rvores, uma das a\u00e7\u00f5es de reinaugura\u00e7\u00e3o da sede da institui\u00e7\u00e3o, que est\u00e1 marcada para o dia 14 de julho. O objetivo visa a arrecada\u00e7\u00e3o de pe\u00e7as de croch\u00ea que envolver\u00e3o os troncos dos ip\u00eas presentes no p\u00e1tio do local.<br><br>A pe\u00e7a utilizada na iniciativa \u00e9 o \u2018Quadradinho da Vov\u00f3\u2019, que pode ser desenvolvido em formatos e cores livres. O material est\u00e1 sendo recebido no Setor de Tecelagem da FCCB, que atualmente funciona no Museu Dona Beja (Pra\u00e7a Coronel Adolpho, 98, Centro) at\u00e9 o dia 30 de junho, de ter\u00e7a a sexta-feira, das 8h \u00e0s 12h e das 13h \u00e0s 17h. No ato da entrega, ser\u00e1 assinado um termo de doa\u00e7\u00e3o do material \u00e0 funda\u00e7\u00e3o.<br><br>\u201cNo dia da reinaugura\u00e7\u00e3o da sede da FCCB, um banner com o nome de todos doadores do quadradinho estar\u00e1 exposto junto \u00e0s \u00e1rvores. Queremos dar espa\u00e7o para que a comunidade d\u00ea sua contribui\u00e7\u00e3o e participe dessa reinaugura\u00e7\u00e3o, que \u00e9 o ber\u00e7o da cultura em Arax\u00e1. Outro ponto do projeto \u00e9 ressaltar a import\u00e2ncia do croch\u00ea, que faz parte do nosso contexto cultural e vem sendo repassado a v\u00e1rias gera\u00e7\u00f5es\u201d, destaca a coordenadora do Ateli\u00ea de Tecelagem, Adelina Rezende de Menezes.<\/p>\n","protected":false},"excerpt":{"rendered":"<p>A Funda\u00e7\u00e3o Cultural Calmon Barreto (FCCB) convida toda a comunidade de crocheteiros de Arax\u00e1 para participar do projeto Acolhendo \u00c1rvores,<\/p>\n","protected":false},"author":2,"featured_media":5455,"comment_status":"open","ping_status":"open","sticky":false,"template":"","format":"standard","meta":{"footnotes":""},"categories":[9,8],"tags":[],"class_list":["post-5454","post","type-post","status-publish","format-standard","has-post-thumbnail","hentry","category-araxa","category-cidades"],"_links":{"self":[{"href":"http:\/\/blogdoarmindomaia.com.br\/index.php?rest_route=\/wp\/v2\/posts\/5454","targetHints":{"allow":["GET"]}}],"collection":[{"href":"http:\/\/blogdoarmindomaia.com.br\/index.php?rest_route=\/wp\/v2\/posts"}],"about":[{"href":"http:\/\/blogdoarmindomaia.com.br\/index.php?rest_route=\/wp\/v2\/types\/post"}],"author":[{"embeddable":true,"href":"http:\/\/blogdoarmindomaia.com.br\/index.php?rest_route=\/wp\/v2\/users\/2"}],"replies":[{"embeddable":true,"href":"http:\/\/blogdoarmindomaia.com.br\/index.php?rest_route=%2Fwp%2Fv2%2Fcomments&post=5454"}],"version-history":[{"count":1,"href":"http:\/\/blogdoarmindomaia.com.br\/index.php?rest_route=\/wp\/v2\/posts\/5454\/revisions"}],"predecessor-version":[{"id":5456,"href":"http:\/\/blogdoarmindomaia.com.br\/index.php?rest_route=\/wp\/v2\/posts\/5454\/revisions\/5456"}],"wp:featuredmedia":[{"embeddable":true,"href":"http:\/\/blogdoarmindomaia.com.br\/index.php?rest_route=\/wp\/v2\/media\/5455"}],"wp:attachment":[{"href":"http:\/\/blogdoarmindomaia.com.br\/index.php?rest_route=%2Fwp%2Fv2%2Fmedia&parent=5454"}],"wp:term":[{"taxonomy":"category","embeddable":true,"href":"http:\/\/blogdoarmindomaia.com.br\/index.php?rest_route=%2Fwp%2Fv2%2Fcategories&post=5454"},{"taxonomy":"post_tag","embeddable":true,"href":"http:\/\/blogdoarmindomaia.com.br\/index.php?rest_route=%2Fwp%2Fv2%2Ftags&post=5454"}],"curies":[{"name":"wp","href":"https:\/\/api.w.org\/{rel}","templated":true}]}}