{"id":5457,"date":"2023-06-20T11:08:18","date_gmt":"2023-06-20T14:08:18","guid":{"rendered":"http:\/\/blogdoarmindomaia.com.br\/?p=5457"},"modified":"2023-06-20T11:08:19","modified_gmt":"2023-06-20T14:08:19","slug":"projeto-de-concessao-das-estradas-da-regiao-e-apresentado","status":"publish","type":"post","link":"http:\/\/blogdoarmindomaia.com.br\/?p=5457","title":{"rendered":"Projeto de concess\u00e3o das estradas da regi\u00e3o \u00e9 apresentado\u00a0"},"content":{"rendered":"\n<p><strong>em Arax\u00e1<\/strong><\/p>\n\n\n\n<figure class=\"wp-block-image size-large is-style-default\"><img loading=\"lazy\" decoding=\"async\" width=\"1024\" height=\"768\" src=\"http:\/\/blogdoarmindomaia.com.br\/wp-content\/uploads\/2023\/06\/Projeto-de-concessao-das-estradas-da-regiao-e-apresentado-pag-07-1024x768.jpeg\" alt=\"\" class=\"wp-image-5458\" srcset=\"http:\/\/blogdoarmindomaia.com.br\/wp-content\/uploads\/2023\/06\/Projeto-de-concessao-das-estradas-da-regiao-e-apresentado-pag-07-1024x768.jpeg 1024w, http:\/\/blogdoarmindomaia.com.br\/wp-content\/uploads\/2023\/06\/Projeto-de-concessao-das-estradas-da-regiao-e-apresentado-pag-07-300x225.jpeg 300w, http:\/\/blogdoarmindomaia.com.br\/wp-content\/uploads\/2023\/06\/Projeto-de-concessao-das-estradas-da-regiao-e-apresentado-pag-07-768x576.jpeg 768w, http:\/\/blogdoarmindomaia.com.br\/wp-content\/uploads\/2023\/06\/Projeto-de-concessao-das-estradas-da-regiao-e-apresentado-pag-07-1536x1152.jpeg 1536w, http:\/\/blogdoarmindomaia.com.br\/wp-content\/uploads\/2023\/06\/Projeto-de-concessao-das-estradas-da-regiao-e-apresentado-pag-07.jpeg 1600w\" sizes=\"auto, (max-width: 1024px) 100vw, 1024px\" \/><\/figure>\n\n\n\n<p><em>Em atendimento \u00e0 solicita\u00e7\u00e3o do deputado Bosco, Seinfra e Concession\u00e1ria EPR Tri\u00e2ngulo apresentam os trabalhos de revitaliza\u00e7\u00e3o que est\u00e3o sendo feitos nas rodovias mineiras.<\/em><\/p>\n\n\n\n<p>Na tarde da \u00faltima sexta-feira (16), a Concession\u00e1ria EPR Tri\u00e2ngulo apresentou as etapas das obras de recupera\u00e7\u00e3o e revitaliza\u00e7\u00e3o das rodovias que est\u00e3o inseridas no Lote 1 \u2013 Rodovias do Tri\u00e2ngulo Mineiro.<\/p>\n\n\n\n<p>H\u00e1 tr\u00eas meses, a Concession\u00e1ria assumiu as rodovias e com contrato de gest\u00e3o por 30 anos. Inicialmente, as obras de revitaliza\u00e7\u00e3o da sinaliza\u00e7\u00e3o, limpezas e drenagens nas vias j\u00e1 come\u00e7aram.<\/p>\n\n\n\n<p>\u201cEstamos, hoje, fazendo uma conversa e presta\u00e7\u00e3o das contas, dos trabalhos da Concession\u00e1ria. S\u00e3o mais de R$ 5 bilh\u00f5es de investimentos em mais de 620 quil\u00f4metros ser\u00e3o recuperados\u201d informou o secret\u00e1rio de Infraestrutura, Pedro Bruno Souza e refor\u00e7ou que a Seinfra est\u00e1 cumprindo um papel determinado pelo governador Romeu Zema, que \u00e9 para recuperar toda a malha rodovi\u00e1ria do Estado.<\/p>\n\n\n\n<p>O deputado Bosco comemora os avan\u00e7os na recupera\u00e7\u00e3o das estradas, \u201cn\u00f3s estamos caminhando para uma grande vit\u00f3ria. Iniciamos este trabalho h\u00e1 anos, enfrentamos muitas dificuldades na BR-452 de Arax\u00e1 a Uberl\u00e2ndia, e infelizmente presenciamos muitos acidentes. Agora, o Estado fez essa parceria com o Governo Federal para a concess\u00e3o e marca o in\u00edcio da solu\u00e7\u00e3o para termos uma rodovia a altura que n\u00f3s merecemos, e que beneficiar\u00e1 o escoamento da produ\u00e7\u00e3o da regi\u00e3o e o tr\u00e1fego da popula\u00e7\u00e3o com mais seguran\u00e7a\u201d, completou.<\/p>\n\n\n\n<p>O diretor-presidente da EPR Tri\u00e2ngulo, Jos\u00e9 Carlos Cassaniga, afirmou que existe uma rela\u00e7\u00e3o de parceria com o governo do Estado muito significativa. O diretor tamb\u00e9m refor\u00e7ou que ainda h\u00e1 muito trabalho a ser feito de maneira cont\u00ednua e progressiva, para que todos que trafeguem pelas rodovias com seguran\u00e7a.<\/p>\n\n\n\n<p>Participaram da reuni\u00e3o, prefeitos Robson Magela (Arax\u00e1), Bagu\u00e1 (Sacramento), Rafael Silva (Pedrin\u00f3polis), Maura (Tapira), Roberto Bergamasco (Perdizes) e Paulo Almeida (Campos Altos), o presidente da C\u00e2mara de Arax\u00e1, Bosco Junior e Greg\u00f3rio Pinheiro de Sacramento, vereadores, lideran\u00e7as, representantes da Pol\u00edcia Rodovi\u00e1ria Federal,&nbsp;da EPR Tri\u00e2ngulo Mineiro&nbsp;e&nbsp;do&nbsp;O Departamento de Estradas de Rodagem de Minas Gerais (<em>DER<\/em>-MG).&nbsp;<\/p>\n","protected":false},"excerpt":{"rendered":"<p>em Arax\u00e1 Em atendimento \u00e0 solicita\u00e7\u00e3o do deputado Bosco, Seinfra e Concession\u00e1ria EPR Tri\u00e2ngulo apresentam os trabalhos de revitaliza\u00e7\u00e3o que<\/p>\n","protected":false},"author":2,"featured_media":5458,"comment_status":"open","ping_status":"open","sticky":false,"template":"","format":"standard","meta":{"footnotes":""},"categories":[9,8],"tags":[],"class_list":["post-5457","post","type-post","status-publish","format-standard","has-post-thumbnail","hentry","category-araxa","category-cidades"],"_links":{"self":[{"href":"http:\/\/blogdoarmindomaia.com.br\/index.php?rest_route=\/wp\/v2\/posts\/5457","targetHints":{"allow":["GET"]}}],"collection":[{"href":"http:\/\/blogdoarmindomaia.com.br\/index.php?rest_route=\/wp\/v2\/posts"}],"about":[{"href":"http:\/\/blogdoarmindomaia.com.br\/index.php?rest_route=\/wp\/v2\/types\/post"}],"author":[{"embeddable":true,"href":"http:\/\/blogdoarmindomaia.com.br\/index.php?rest_route=\/wp\/v2\/users\/2"}],"replies":[{"embeddable":true,"href":"http:\/\/blogdoarmindomaia.com.br\/index.php?rest_route=%2Fwp%2Fv2%2Fcomments&post=5457"}],"version-history":[{"count":1,"href":"http:\/\/blogdoarmindomaia.com.br\/index.php?rest_route=\/wp\/v2\/posts\/5457\/revisions"}],"predecessor-version":[{"id":5459,"href":"http:\/\/blogdoarmindomaia.com.br\/index.php?rest_route=\/wp\/v2\/posts\/5457\/revisions\/5459"}],"wp:featuredmedia":[{"embeddable":true,"href":"http:\/\/blogdoarmindomaia.com.br\/index.php?rest_route=\/wp\/v2\/media\/5458"}],"wp:attachment":[{"href":"http:\/\/blogdoarmindomaia.com.br\/index.php?rest_route=%2Fwp%2Fv2%2Fmedia&parent=5457"}],"wp:term":[{"taxonomy":"category","embeddable":true,"href":"http:\/\/blogdoarmindomaia.com.br\/index.php?rest_route=%2Fwp%2Fv2%2Fcategories&post=5457"},{"taxonomy":"post_tag","embeddable":true,"href":"http:\/\/blogdoarmindomaia.com.br\/index.php?rest_route=%2Fwp%2Fv2%2Ftags&post=5457"}],"curies":[{"name":"wp","href":"https:\/\/api.w.org\/{rel}","templated":true}]}}