{"id":5463,"date":"2023-06-21T11:36:14","date_gmt":"2023-06-21T14:36:14","guid":{"rendered":"http:\/\/blogdoarmindomaia.com.br\/?p=5463"},"modified":"2023-06-21T11:36:16","modified_gmt":"2023-06-21T14:36:16","slug":"teatros-infantis-e-juvenis-apresentados-para-2-500-criancas-em-araxa","status":"publish","type":"post","link":"http:\/\/blogdoarmindomaia.com.br\/?p=5463","title":{"rendered":"Teatros infantis e juvenis apresentados para 2.500 crian\u00e7as em Arax\u00e1"},"content":{"rendered":"\n<figure class=\"wp-block-image size-large is-style-default\"><img loading=\"lazy\" decoding=\"async\" width=\"1024\" height=\"600\" src=\"http:\/\/blogdoarmindomaia.com.br\/wp-content\/uploads\/2023\/06\/Teatros-infantis-e-juvenis-apresentados-para-2.500-criancas-em-Araxa-pag12-1024x600.jpeg\" alt=\"\" class=\"wp-image-5464\" srcset=\"http:\/\/blogdoarmindomaia.com.br\/wp-content\/uploads\/2023\/06\/Teatros-infantis-e-juvenis-apresentados-para-2.500-criancas-em-Araxa-pag12-1024x600.jpeg 1024w, http:\/\/blogdoarmindomaia.com.br\/wp-content\/uploads\/2023\/06\/Teatros-infantis-e-juvenis-apresentados-para-2.500-criancas-em-Araxa-pag12-300x176.jpeg 300w, http:\/\/blogdoarmindomaia.com.br\/wp-content\/uploads\/2023\/06\/Teatros-infantis-e-juvenis-apresentados-para-2.500-criancas-em-Araxa-pag12-768x450.jpeg 768w, http:\/\/blogdoarmindomaia.com.br\/wp-content\/uploads\/2023\/06\/Teatros-infantis-e-juvenis-apresentados-para-2.500-criancas-em-Araxa-pag12-1536x900.jpeg 1536w, http:\/\/blogdoarmindomaia.com.br\/wp-content\/uploads\/2023\/06\/Teatros-infantis-e-juvenis-apresentados-para-2.500-criancas-em-Araxa-pag12.jpeg 1600w\" sizes=\"auto, (max-width: 1024px) 100vw, 1024px\" \/><\/figure>\n\n\n\n<figure class=\"wp-block-image size-large is-style-default\"><img loading=\"lazy\" decoding=\"async\" width=\"1024\" height=\"576\" src=\"http:\/\/blogdoarmindomaia.com.br\/wp-content\/uploads\/2023\/06\/CiaDeuNaTelha_EstacionamentoFCCB_2-1024x576.jpg\" alt=\"\" class=\"wp-image-5465\" srcset=\"http:\/\/blogdoarmindomaia.com.br\/wp-content\/uploads\/2023\/06\/CiaDeuNaTelha_EstacionamentoFCCB_2-1024x576.jpg 1024w, http:\/\/blogdoarmindomaia.com.br\/wp-content\/uploads\/2023\/06\/CiaDeuNaTelha_EstacionamentoFCCB_2-300x169.jpg 300w, http:\/\/blogdoarmindomaia.com.br\/wp-content\/uploads\/2023\/06\/CiaDeuNaTelha_EstacionamentoFCCB_2-768x432.jpg 768w, http:\/\/blogdoarmindomaia.com.br\/wp-content\/uploads\/2023\/06\/CiaDeuNaTelha_EstacionamentoFCCB_2-1536x864.jpg 1536w, http:\/\/blogdoarmindomaia.com.br\/wp-content\/uploads\/2023\/06\/CiaDeuNaTelha_EstacionamentoFCCB_2.jpg 1920w\" sizes=\"auto, (max-width: 1024px) 100vw, 1024px\" \/><\/figure>\n\n\n\n<p>A crian\u00e7ada se divertiu e aprendeu muito nos \u00faltimos dias. Isso porque a programa\u00e7\u00e3o infantil do 29\u00ba Encontro SESI de Artes C\u00eanicas ofertou oficinas de Teatro na Escola no ambiente escolar e apresentou quatro espet\u00e1culos teatrais no Teatro CBMM \u2013 Centro Cultural Uniarax\u00e1. Onze escolas e institui\u00e7\u00f5es foram contempladas com atividades culturais na segunda semana do festival, que \u00e9 realizado pelo SESI, por meio da Lei Federal de Incentivo \u00e0 Cultura do Minist\u00e9rio da Cultura, patroc\u00ednio: CBMM, Usina Santo \u00c2ngelo, Usina Uberaba, apoio da Prefeitura Municipal de Arax\u00e1 e apoio cultural da Funda\u00e7\u00e3o Cultural Calmon Barreto de Arax\u00e1.<\/p>\n\n\n\n<p>2.544 (duas mil, quinhentas e quarenta e quatro) crian\u00e7as dos anos fundamentais foram contempladas. O espet\u00e1culo \u201cUAI Quixote\u201d da Cia. P\u00e9 no Ch\u00e3o (MG) aconteceu na quarta-feira, 14 de junho, no Teatro CBMM \u2013 Centro Cultural Uniarax\u00e1. Baseado no livro Dom Quixote de Miguel de Cervantes a pe\u00e7a conta as aventuras do cavaleiro da triste figura nas terras mineiras. Que junto de seus companheiros de viagem, passam por uma jornada que envolve imagina\u00e7\u00e3o, coragem, amizade, esperan\u00e7a e sonhos, numa busca incans\u00e1vel de um lugar mais justo para se viver.<\/p>\n\n\n\n<p>No dia seguinte, 15 de junho, ocorreram duas sess\u00f5es exclusivas para escolas da pe\u00e7a \u201cHist\u00f3rias que Cabem na Mala\u201d de Luciano Pacchioni Junior, o Lupac. Carregando uma mala cheia de cacarecos e tocando um viol\u00e3o, o artista convida a plateia para uma m\u00e1gica roda de hist\u00f3rias, revivendo na oralidade o legado dos contos preservados nos livros, com foco na cultura popular, no repert\u00f3rio tem brincadeiras, contos, cantigas e poesias pertencentes \u00e0 v\u00e1rios povos.<\/p>\n\n\n\n<p>Al\u00e9m de teatro teve dez oficinas que aconteceram dentro das escolas e institui\u00e7\u00f5es sobre Teatro nas Escolas, ministrada por Lu\u00edsa Pinti, artista que atua em espet\u00e1culos de teatro, circo, bonecos e durante sessenta minutos detalha para as crian\u00e7as como usar a ferramenta art\u00edstica nas atividades do cotidiano do ambiente escolar e tamb\u00e9m utilizar a arte como outra forma de aprender o conte\u00fado disciplinar.<\/p>\n\n\n\n<p>A programa\u00e7\u00e3o da terceira, e \u00faltima, semana do 29\u00ba Encontro SESI de Artes C\u00eanicas continua nos dias 24 e 25 de junho, pr\u00f3ximos s\u00e1bado e domingo. Acompanhe tudinho o que rola no festival que acontece em Arax\u00e1, Concei\u00e7\u00e3o das Alagoas, Nova Ponte, Pirajuba e Uberaba no @sesiculturamg.<\/p>\n\n\n\n<p>Anote a\u00ed:<\/p>\n\n\n\n<p><strong>24 de junho \u2013 s\u00e1bado, \u00e0s 10h30<\/strong><\/p>\n\n\n\n<p>Cal\u00e7ad\u00e3o da rua Presidente Oleg\u00e1rio Maciel (circulando pela avenida Ant\u00f4nio Carlos)<\/p>\n\n\n\n<p>Arruan\u00e7a (Circo) \u2013 Grupo Rosa dos Ventos (SP)<\/p>\n\n\n\n<p>Classifica\u00e7\u00e3o Livre<\/p>\n\n\n\n<p><strong>25 de junho \u2013 domingo, \u00e0s 10h<\/strong><\/p>\n\n\n\n<p>Feira Radialista Silmar Borges (bairro Urciano Lemos)<\/p>\n\n\n\n<p>Fuzurufafa Bafafazuru (Circo) \u2013 Grupo Rosa dos Ventos (SP)<\/p>\n\n\n\n<p>Classifica\u00e7\u00e3o Livre<\/p>\n\n\n\n<p><strong>25 de junho \u2013 domingo, \u00e0s 11h<\/strong><\/p>\n\n\n\n<p>Feira Radialista Silmar Borges (bairro Urciano Lemos)<\/p>\n\n\n\n<p>Palco Local apresenta \u201cLobos do Alabama\u201d (M\u00fasica) \u2013 (MG)<\/p>\n\n\n\n<p>Palco Local apresenta \u201cCirco dos Irm\u00e3os Gambiarra\u201d (Circo) \u2013 (MG)<\/p>\n\n\n\n<p>Classifica\u00e7\u00e3o Livre<\/p>\n","protected":false},"excerpt":{"rendered":"<p>A crian\u00e7ada se divertiu e aprendeu muito nos \u00faltimos dias. Isso porque a programa\u00e7\u00e3o infantil do 29\u00ba Encontro SESI de<\/p>\n","protected":false},"author":2,"featured_media":5464,"comment_status":"open","ping_status":"open","sticky":false,"template":"","format":"standard","meta":{"footnotes":""},"categories":[9,5,11],"tags":[],"class_list":["post-5463","post","type-post","status-publish","format-standard","has-post-thumbnail","hentry","category-araxa","category-arte-e-cultura","category-destaques"],"_links":{"self":[{"href":"http:\/\/blogdoarmindomaia.com.br\/index.php?rest_route=\/wp\/v2\/posts\/5463","targetHints":{"allow":["GET"]}}],"collection":[{"href":"http:\/\/blogdoarmindomaia.com.br\/index.php?rest_route=\/wp\/v2\/posts"}],"about":[{"href":"http:\/\/blogdoarmindomaia.com.br\/index.php?rest_route=\/wp\/v2\/types\/post"}],"author":[{"embeddable":true,"href":"http:\/\/blogdoarmindomaia.com.br\/index.php?rest_route=\/wp\/v2\/users\/2"}],"replies":[{"embeddable":true,"href":"http:\/\/blogdoarmindomaia.com.br\/index.php?rest_route=%2Fwp%2Fv2%2Fcomments&post=5463"}],"version-history":[{"count":1,"href":"http:\/\/blogdoarmindomaia.com.br\/index.php?rest_route=\/wp\/v2\/posts\/5463\/revisions"}],"predecessor-version":[{"id":5466,"href":"http:\/\/blogdoarmindomaia.com.br\/index.php?rest_route=\/wp\/v2\/posts\/5463\/revisions\/5466"}],"wp:featuredmedia":[{"embeddable":true,"href":"http:\/\/blogdoarmindomaia.com.br\/index.php?rest_route=\/wp\/v2\/media\/5464"}],"wp:attachment":[{"href":"http:\/\/blogdoarmindomaia.com.br\/index.php?rest_route=%2Fwp%2Fv2%2Fmedia&parent=5463"}],"wp:term":[{"taxonomy":"category","embeddable":true,"href":"http:\/\/blogdoarmindomaia.com.br\/index.php?rest_route=%2Fwp%2Fv2%2Fcategories&post=5463"},{"taxonomy":"post_tag","embeddable":true,"href":"http:\/\/blogdoarmindomaia.com.br\/index.php?rest_route=%2Fwp%2Fv2%2Ftags&post=5463"}],"curies":[{"name":"wp","href":"https:\/\/api.w.org\/{rel}","templated":true}]}}