{"id":5467,"date":"2023-06-21T11:40:47","date_gmt":"2023-06-21T14:40:47","guid":{"rendered":"http:\/\/blogdoarmindomaia.com.br\/?p=5467"},"modified":"2023-06-21T11:40:49","modified_gmt":"2023-06-21T14:40:49","slug":"sala-mineira-do-empreendedor-de-araxa-e-a-maior-do-estado-em-atendimentos","status":"publish","type":"post","link":"http:\/\/blogdoarmindomaia.com.br\/?p=5467","title":{"rendered":"Sala Mineira do Empreendedor de Arax\u00e1 \u00e9 a maior do Estado em atendimentos"},"content":{"rendered":"\n<figure class=\"wp-block-image size-full is-style-default\"><img loading=\"lazy\" decoding=\"async\" width=\"1024\" height=\"683\" src=\"http:\/\/blogdoarmindomaia.com.br\/wp-content\/uploads\/2023\/06\/Sala-Mineira-do-Empreendedor-de-Araxa-e-a-maior-do-Estado-em-atendimentos-pag-04.jpeg\" alt=\"\" class=\"wp-image-5468\" srcset=\"http:\/\/blogdoarmindomaia.com.br\/wp-content\/uploads\/2023\/06\/Sala-Mineira-do-Empreendedor-de-Araxa-e-a-maior-do-Estado-em-atendimentos-pag-04.jpeg 1024w, http:\/\/blogdoarmindomaia.com.br\/wp-content\/uploads\/2023\/06\/Sala-Mineira-do-Empreendedor-de-Araxa-e-a-maior-do-Estado-em-atendimentos-pag-04-300x200.jpeg 300w, http:\/\/blogdoarmindomaia.com.br\/wp-content\/uploads\/2023\/06\/Sala-Mineira-do-Empreendedor-de-Araxa-e-a-maior-do-Estado-em-atendimentos-pag-04-768x512.jpeg 768w\" sizes=\"auto, (max-width: 1024px) 100vw, 1024px\" \/><\/figure>\n\n\n\n<p>Um espa\u00e7o desenvolvido para aprimorar e simplificar o ambiente de neg\u00f3cios, oferecendo apoio para empreendimentos de todos os portes. Essa \u00e9 a Sala Mineira do Empreendedor de Arax\u00e1, que acaba de receber a qualifica\u00e7\u00e3o de melhor do Estado de Minas Gerais em n\u00famero de atendimentos &#8211; sin\u00f4nimo de mais desenvolvimento para o Munic\u00edpio de Arax\u00e1.<br><br>A Sala Mineira \u00e9 fruto de uma parceria entre a Prefeitura de Arax\u00e1, Servi\u00e7o Brasileiro de Apoio \u00e0s Micro e Pequenas Empresas em Minas Gerais (Sebrae Minas), Junta Comercial do Estado de Minas Gerais (Jucemg) e Sindicato do Com\u00e9rcio de Arax\u00e1 (Sindicom\u00e9rcio).<br><br>Lan\u00e7ada em Arax\u00e1 em 2021, a Sala Mineira oferece um atendimento exclusivo aos empreendedores, por meio de orienta\u00e7\u00f5es e capacita\u00e7\u00f5es que visam facilitar o acesso aos servi\u00e7os necess\u00e1rios para a abertura de empresas atrav\u00e9s do Programa Arax\u00e1 Empreendedora, lan\u00e7ado pela Prefeitura de Arax\u00e1 tamb\u00e9m em 2021.<br><br>Dentre os servi\u00e7os est\u00e3o orienta\u00e7\u00f5es sobre formaliza\u00e7\u00e3o e baixa de empresas, altera\u00e7\u00f5es cadastrais, inscri\u00e7\u00f5es municipais e estaduais, emiss\u00e3o de notas fiscais, renegocia\u00e7\u00f5es de d\u00edvidas e servi\u00e7os exclusivos para Microempreendedores Individuais (MEI).<br><br>Arax\u00e1 \u00e9 a maior do Estado, registrando 6.279 atendimentos de janeiro at\u00e9 o m\u00eas de maio de 2023, seguida das cidades de Uberaba, com 4.688 atendimentos, e Itabira, com 4.406 registros.<br><br>O t\u00edtulo foi obtido por meio de encontro entre lideran\u00e7as, ocorrido no \u00faltimo dia 24 de maio, na sede da Associa\u00e7\u00e3o dos Munic\u00edpios da Microrregi\u00e3o do Planalto de Arax\u00e1 (Ampla). De acordo com a agente da Sala Mineira, Sebastiana Sousa, este resultado \u00e9 consequ\u00eancia da importante parceria entre Administra\u00e7\u00e3o P\u00fablica e institui\u00e7\u00f5es que buscam o crescimento econ\u00f4mico do Munic\u00edpio.<br><br>\u201c\u00c9 uma alegria muito grande para n\u00f3s alcan\u00e7armos essa classifica\u00e7\u00e3o, e saber que o nosso atendimento est\u00e1 agilizando, desburocratizando os processos e transformando a vida profissional de tantas pessoas, al\u00e9m de contribuir para o Desenvolvimento Econ\u00f4mico de Arax\u00e1. Tudo isso gra\u00e7as ao apoio dos nossos parceiros e do eficiente trabalho desenvolvido pela equipe de atendimento da Sala Mineira, possibilitando um resultado t\u00e3o importante como este\u201d, comemora.<br><br>A Sala Mineira do Empreendedor fica na sede do Sindicom\u00e9rcio Arax\u00e1, na rua Dr. Edmar Cunha, n\u00ba 260, no bairro Santa Terezinha. O atendimento tamb\u00e9m \u00e9 realizado por meio do WhatsApp (34) 9 9900-3357. Possui ainda o Instagram (@salamineiraaraxa), onde s\u00e3o divulgadas as principais informa\u00e7\u00f5es para o MEI.<br><\/p>\n","protected":false},"excerpt":{"rendered":"<p>Um espa\u00e7o desenvolvido para aprimorar e simplificar o ambiente de neg\u00f3cios, oferecendo apoio para empreendimentos de todos os portes. Essa<\/p>\n","protected":false},"author":2,"featured_media":5468,"comment_status":"open","ping_status":"open","sticky":false,"template":"","format":"standard","meta":{"footnotes":""},"categories":[9,11],"tags":[],"class_list":["post-5467","post","type-post","status-publish","format-standard","has-post-thumbnail","hentry","category-araxa","category-destaques"],"_links":{"self":[{"href":"http:\/\/blogdoarmindomaia.com.br\/index.php?rest_route=\/wp\/v2\/posts\/5467","targetHints":{"allow":["GET"]}}],"collection":[{"href":"http:\/\/blogdoarmindomaia.com.br\/index.php?rest_route=\/wp\/v2\/posts"}],"about":[{"href":"http:\/\/blogdoarmindomaia.com.br\/index.php?rest_route=\/wp\/v2\/types\/post"}],"author":[{"embeddable":true,"href":"http:\/\/blogdoarmindomaia.com.br\/index.php?rest_route=\/wp\/v2\/users\/2"}],"replies":[{"embeddable":true,"href":"http:\/\/blogdoarmindomaia.com.br\/index.php?rest_route=%2Fwp%2Fv2%2Fcomments&post=5467"}],"version-history":[{"count":1,"href":"http:\/\/blogdoarmindomaia.com.br\/index.php?rest_route=\/wp\/v2\/posts\/5467\/revisions"}],"predecessor-version":[{"id":5469,"href":"http:\/\/blogdoarmindomaia.com.br\/index.php?rest_route=\/wp\/v2\/posts\/5467\/revisions\/5469"}],"wp:featuredmedia":[{"embeddable":true,"href":"http:\/\/blogdoarmindomaia.com.br\/index.php?rest_route=\/wp\/v2\/media\/5468"}],"wp:attachment":[{"href":"http:\/\/blogdoarmindomaia.com.br\/index.php?rest_route=%2Fwp%2Fv2%2Fmedia&parent=5467"}],"wp:term":[{"taxonomy":"category","embeddable":true,"href":"http:\/\/blogdoarmindomaia.com.br\/index.php?rest_route=%2Fwp%2Fv2%2Fcategories&post=5467"},{"taxonomy":"post_tag","embeddable":true,"href":"http:\/\/blogdoarmindomaia.com.br\/index.php?rest_route=%2Fwp%2Fv2%2Ftags&post=5467"}],"curies":[{"name":"wp","href":"https:\/\/api.w.org\/{rel}","templated":true}]}}