{"id":5479,"date":"2023-06-22T14:02:13","date_gmt":"2023-06-22T17:02:13","guid":{"rendered":"http:\/\/blogdoarmindomaia.com.br\/?p=5479"},"modified":"2023-06-22T14:02:15","modified_gmt":"2023-06-22T17:02:15","slug":"prefeitura-assina-2-termos-de-fomento-com-a-equoterapia-prosseguir","status":"publish","type":"post","link":"http:\/\/blogdoarmindomaia.com.br\/?p=5479","title":{"rendered":"Prefeitura assina 2 termos de fomento com a Equoterapia Prosseguir"},"content":{"rendered":"\n<figure class=\"wp-block-image size-full is-style-default\"><img loading=\"lazy\" decoding=\"async\" width=\"1024\" height=\"683\" src=\"http:\/\/blogdoarmindomaia.com.br\/wp-content\/uploads\/2023\/06\/Prefeitura-assina-2-termos-de-fomento-com-a-Equoterapia-Prosseguir-pag-06.jpeg\" alt=\"\" class=\"wp-image-5480\" srcset=\"http:\/\/blogdoarmindomaia.com.br\/wp-content\/uploads\/2023\/06\/Prefeitura-assina-2-termos-de-fomento-com-a-Equoterapia-Prosseguir-pag-06.jpeg 1024w, http:\/\/blogdoarmindomaia.com.br\/wp-content\/uploads\/2023\/06\/Prefeitura-assina-2-termos-de-fomento-com-a-Equoterapia-Prosseguir-pag-06-300x200.jpeg 300w, http:\/\/blogdoarmindomaia.com.br\/wp-content\/uploads\/2023\/06\/Prefeitura-assina-2-termos-de-fomento-com-a-Equoterapia-Prosseguir-pag-06-768x512.jpeg 768w\" sizes=\"auto, (max-width: 1024px) 100vw, 1024px\" \/><\/figure>\n\n\n\n<p>A Prefeitura de Arax\u00e1 assinou dois termos de fomento com a Associa\u00e7\u00e3o de Equoterapia Prosseguir. Um foi no valor de R$ 130.000,00, e o outro de R$ 80.000,00. Os termos ser\u00e3o repassados em parcelas \u00fanicas, por meio de recursos pr\u00f3prios, para reforma, manuten\u00e7\u00e3o e custeio da institui\u00e7\u00e3o.<br><br>No ato de assinatura o prefeito Robson Magela recebeu o presidente, da associa\u00e7\u00e3o, M\u00e1rio C\u00e9sar Alves, e os autores das indica\u00e7\u00f5es dos conv\u00eanios, o presidente da C\u00e2mara, Bosco J\u00fanior, e o vereador Alexandre dos Irm\u00e3os Paula.<br><br>A Associa\u00e7\u00e3o de Equoterapia Prosseguir de Arax\u00e1 desenvolve programas terap\u00eauticos, educacionais e esportivos utilizando cavalos, no intuito de promover desenvolvimento de pessoas com defici\u00eancia (f\u00edsica, ps\u00edquica, educacional e\/ou intelectual e transtorno do neurodesenvolvimento), buscando equil\u00edbrio f\u00edsico e emocional, atrav\u00e9s deste tratamento.<br><br>O presidente M\u00e1rio C\u00e9sar Alves ressalta que a parceria com a Administra\u00e7\u00e3o Municipal \u00e9 fundamental para que a entidade possa continuar realizando um trabalho de qualidade. \u201cEsse apoio da Prefeitura \u00e9 de suma import\u00e2ncia para n\u00f3s, porque ajuda a manter viva a nossa institui\u00e7\u00e3o. Hoje atendemos 140 crian\u00e7as e adolescentes, e n\u00f3s devemos ampliar para 200 em breve\u201d, revela.<br><br>O prefeito Robson Magela ressalta a import\u00e2ncia da Associa\u00e7\u00e3o de Equoterapia ao p\u00fablico atendido. \u201c\u00c9 um trabalho incr\u00edvel. Infelizmente, a equoterapia ficou sem apoio por muito tempo, mas isso \u00e9 assunto do passado. A nossa gest\u00e3o faz quest\u00e3o de apoiar essa brilhante atividade, principalmente pelos in\u00fameros benef\u00edcios proporcionados a essas crian\u00e7as e adolescentes atendidos\u201d, conclui.<\/p>\n","protected":false},"excerpt":{"rendered":"<p>A Prefeitura de Arax\u00e1 assinou dois termos de fomento com a Associa\u00e7\u00e3o de Equoterapia Prosseguir. Um foi no valor de<\/p>\n","protected":false},"author":2,"featured_media":5480,"comment_status":"open","ping_status":"open","sticky":false,"template":"","format":"standard","meta":{"footnotes":""},"categories":[9,11],"tags":[],"class_list":["post-5479","post","type-post","status-publish","format-standard","has-post-thumbnail","hentry","category-araxa","category-destaques"],"_links":{"self":[{"href":"http:\/\/blogdoarmindomaia.com.br\/index.php?rest_route=\/wp\/v2\/posts\/5479","targetHints":{"allow":["GET"]}}],"collection":[{"href":"http:\/\/blogdoarmindomaia.com.br\/index.php?rest_route=\/wp\/v2\/posts"}],"about":[{"href":"http:\/\/blogdoarmindomaia.com.br\/index.php?rest_route=\/wp\/v2\/types\/post"}],"author":[{"embeddable":true,"href":"http:\/\/blogdoarmindomaia.com.br\/index.php?rest_route=\/wp\/v2\/users\/2"}],"replies":[{"embeddable":true,"href":"http:\/\/blogdoarmindomaia.com.br\/index.php?rest_route=%2Fwp%2Fv2%2Fcomments&post=5479"}],"version-history":[{"count":1,"href":"http:\/\/blogdoarmindomaia.com.br\/index.php?rest_route=\/wp\/v2\/posts\/5479\/revisions"}],"predecessor-version":[{"id":5481,"href":"http:\/\/blogdoarmindomaia.com.br\/index.php?rest_route=\/wp\/v2\/posts\/5479\/revisions\/5481"}],"wp:featuredmedia":[{"embeddable":true,"href":"http:\/\/blogdoarmindomaia.com.br\/index.php?rest_route=\/wp\/v2\/media\/5480"}],"wp:attachment":[{"href":"http:\/\/blogdoarmindomaia.com.br\/index.php?rest_route=%2Fwp%2Fv2%2Fmedia&parent=5479"}],"wp:term":[{"taxonomy":"category","embeddable":true,"href":"http:\/\/blogdoarmindomaia.com.br\/index.php?rest_route=%2Fwp%2Fv2%2Fcategories&post=5479"},{"taxonomy":"post_tag","embeddable":true,"href":"http:\/\/blogdoarmindomaia.com.br\/index.php?rest_route=%2Fwp%2Fv2%2Ftags&post=5479"}],"curies":[{"name":"wp","href":"https:\/\/api.w.org\/{rel}","templated":true}]}}