{"id":550,"date":"2022-04-29T21:24:31","date_gmt":"2022-04-30T00:24:31","guid":{"rendered":"http:\/\/blogdoarmindomaia.com.br\/?p=550"},"modified":"2022-04-29T21:24:33","modified_gmt":"2022-04-30T00:24:33","slug":"araxa-tera-festivais-simultaneos-de-gastronomia-e-literatura","status":"publish","type":"post","link":"http:\/\/blogdoarmindomaia.com.br\/?p=550","title":{"rendered":"Arax\u00e1 ter\u00e1\u00a0festivais simult\u00e2neos de gastronomia e literatura"},"content":{"rendered":"\n<figure class=\"wp-block-image size-full is-style-default\"><img loading=\"lazy\" decoding=\"async\" width=\"1024\" height=\"576\" src=\"http:\/\/blogdoarmindomaia.com.br\/wp-content\/uploads\/2022\/04\/entrada_02.jpeg\" alt=\"\" class=\"wp-image-552\" srcset=\"http:\/\/blogdoarmindomaia.com.br\/wp-content\/uploads\/2022\/04\/entrada_02.jpeg 1024w, http:\/\/blogdoarmindomaia.com.br\/wp-content\/uploads\/2022\/04\/entrada_02-300x169.jpeg 300w, http:\/\/blogdoarmindomaia.com.br\/wp-content\/uploads\/2022\/04\/entrada_02-768x432.jpeg 768w\" sizes=\"auto, (max-width: 1024px) 100vw, 1024px\" \/><\/figure>\n\n\n\n<figure class=\"wp-block-image size-full is-style-default\"><img loading=\"lazy\" decoding=\"async\" width=\"1024\" height=\"576\" src=\"http:\/\/blogdoarmindomaia.com.br\/wp-content\/uploads\/2022\/04\/entrada_01.jpeg\" alt=\"\" class=\"wp-image-551\" srcset=\"http:\/\/blogdoarmindomaia.com.br\/wp-content\/uploads\/2022\/04\/entrada_01.jpeg 1024w, http:\/\/blogdoarmindomaia.com.br\/wp-content\/uploads\/2022\/04\/entrada_01-300x169.jpeg 300w, http:\/\/blogdoarmindomaia.com.br\/wp-content\/uploads\/2022\/04\/entrada_01-768x432.jpeg 768w\" sizes=\"auto, (max-width: 1024px) 100vw, 1024px\" \/><\/figure>\n\n\n\n<p><em>Fliarax<\/em><em>\u00e1&nbsp;<\/em><em>e Festival Saberes e Sabores<\/em><strong>&nbsp;<\/strong><em>ser<\/em><em>\u00e3o realizados de forma integrada, de 15&nbsp;<\/em><em>a<\/em><em>&nbsp;11 de m<\/em><em>a<\/em><em>io<\/em><em><\/em><\/p>\n\n\n\n<p>Arax\u00e1, no Alto Parana\u00edba mineiro, tem uma agenda concorrida de festivais, congressos e competi\u00e7\u00f5es esportivas ao longo deste ano. A cidade tur\u00edstica, que tem como principal atrativo o Grande Hotel do Barreiro, considerado o maior castelo do pa\u00eds, espera receber em 2022 mais de 20 grandes eventos, dois deles agora no m\u00eas de maio.<\/p>\n\n\n\n<p>Pela primeira vez os renomados Festival Gastron\u00f4mico Saberes e Sabores de Arax\u00e1&nbsp;e o Festival Liter\u00e1rio de Arax\u00e1&nbsp;(Fliarax\u00e1) ser\u00e3o realizados de forma simult\u00e2nea e ter\u00e3o programa\u00e7\u00e3o integrada. &#8220;S\u00e7festivais distintos em sua ess\u00eancia e execu\u00e7\u00e3o, mas que ir\u00e3o se complementar&nbsp;\u00e0&nbsp;medida que t\u00eam p\u00fablico em comum e uma programa\u00e7\u00e3o que vai agradar toda a fam\u00edlia&#8221;, explica Elisa Bai\u00e3o Macedo, presidente da Funda\u00e7\u00e3o Cultural Acia, que organiza o Festival Saberes e Sabores.<\/p>\n\n\n\n<p>Parte da estrutura f\u00edsica dos festivais ter\u00e1&nbsp;como fundo a arquitetura neocl\u00e1ssica do Grande Hotel, cercada pelos belos jardins assinados por Burle Marx. &#8220;S\u00e3o festivais muito consolidados, por isso, nossa&nbsp;\u00fanica preocupa\u00e7\u00e3o em rela\u00e7\u00e3o a essa integra\u00e7\u00e3o foi colocar a mesma identidade e eleg\u00e2ncia para ambos os espa\u00e7os para que tanto marcas quanto atra\u00e7\u00f5es sejam elas culturais e liter\u00e1rias, da parte do Fliarax\u00e1, quanto as atra\u00e7\u00f5es gastron\u00f4micas e musicais do Saberes e Sabores fiquem na&nbsp;mesma&nbsp;propor\u00e7\u00e3o&nbsp;&#8220;, ressalta o diretor e criador do&nbsp;Fliarax\u00e1, Afonso Borges.<\/p>\n\n\n\n<p><strong>Literatura e gastronomia<\/strong><strong><\/strong><\/p>\n\n\n\n<p>A ideia central da integra\u00e7\u00e3o dos festivais&nbsp;\u00e9&nbsp;proporcionar aos visitantes a possibilidade de viver experi\u00eancias liter\u00e1rias e gastron\u00f4micas em um mesmo ambiente. A d\u00e9cima edi\u00e7\u00e3o do Fliarax\u00e1&nbsp;traz uma imensa livraria, espa\u00e7os de intera\u00e7\u00e3o com os autores e um audit\u00f3rio para os debates. J\u00e1&nbsp;o Festival Saberes e Sabores oferecer\u00e1&nbsp;em sua tenda gastron\u00f4mica estandes destinados a bares, restaurantes e cervejarias artesanais al\u00e9m de oficinas, degusta\u00e7\u00f5es (caf\u00e9s, gin, vinho e cacha\u00e7a), produtos da terra e espa\u00e7o para as mais variadas formas de express\u00e3o cultural e art\u00edstica.<\/p>\n\n\n\n<p>A programa\u00e7\u00e3o, dispon\u00edvel nos sites e redes sociais dos eventos, permitir\u00e1&nbsp;que os interessados possam passear por um universo de conhecimento e experi\u00eancias gastron\u00f4micas com atividades durante todo o dia. &#8220;O mineiro entende de comida boa e&nbsp;\u00e9&nbsp;apaixonado por literatura, por isso, essa integra\u00e7\u00e3o&nbsp;\u00e9&nbsp;t\u00e3o relevante e, com certeza, vai proporcionar momentos inesquec\u00edveis&#8221;, aposta o idealizador do Festival Saberes e Sabores, Armando de Angelis.<\/p>\n\n\n\n<p><strong>Sobre o Festival Saberes e Sabores<\/strong><strong><\/strong><\/p>\n\n\n\n<p>O Festival Saberes e Sabores ganhou o formato atual, que tem como foco a promo\u00e7\u00e3o dos valores locais e regionais, a partir de 2016. O evento foi inspirado na obra de seu idealizador. No livro de mesmo nome, o autor Armando de Angelis, narra per\u00edodos da hist\u00f3ria de Arax\u00e1&nbsp;e da sua gastronomia. Armando traz para o festival, al\u00e9m da inspira\u00e7\u00e3o, seu renome e a experi\u00eancia na realiza\u00e7\u00e3o de grandes eventos gastron\u00f4micos. J\u00e1&nbsp;passaram pelo festival os chefes franceses Claude Troisgros e&nbsp;\u00c9rick Jacquin e atra\u00e7\u00f5es musicais como Derico e Sindicato do Jazz, Swiss College Dixie Band e Pepeu Gomes.<\/p>\n\n\n\n<p>O Festival Saberes e Sabores de Arax\u00e1 \u00e9 promovido pela Funda\u00e7\u00e3o Cultural Acia (Facia) e tem o patroc\u00ednio m\u00e1ster da Companhia Brasileira de Metalurgia e Minera\u00e7\u00e3o (CBMM), atrav\u00e9s da Lei de Incentivo&nbsp;\u00e0&nbsp;Cultura, da Secretaria Especial de Cultura do Minist\u00e9rio do Turismo.&nbsp; Patroc\u00ednio: Mart Minas e Zema.<\/p>\n\n\n\n<p><strong>Sobre o Fliarax<\/strong><strong>\u00e1<\/strong><\/p>\n\n\n\n<p>O Fliarax\u00e1 \u2013&nbsp;Festival Liter\u00e1rio de Arax\u00e1 \u2013&nbsp;foi criado em 2012 pelo empreendedor cultural Afonso Borges, diretor-presidente da Associa\u00e7\u00e3o Cultural Sempre um Papo. As cinco primeiras edi\u00e7\u00f5es aconteceram no p\u00e1tio da Funda\u00e7\u00e3o Calmon Barreto e, a partir de 2017, o festival passou a ocupar o Grande Hotel de Arax\u00e1, patrim\u00f4nio hist\u00f3rico do estado de Minas Gerais, edifica\u00e7\u00e3o constru\u00edda em 1942. Cerca de 140 mil pessoas passaram pelo festival em suas oito edi\u00e7\u00f5es presenciais, mais de 400 autores participaram da programa\u00e7\u00e3o e 130 mil livros foram comercializados na livraria do evento. A 9.\u00aa edi\u00e7\u00e3o do Fliarax\u00e1&nbsp;(2020), devido&nbsp;\u00e0&nbsp;pandemia, aconteceu em formato virtual\/digital\/h\u00edbrida, permanecendo com programa\u00e7\u00e3o 24 horas no ar, totalizando 101 horas de transmiss\u00e3o cont\u00ednua.<\/p>\n\n\n\n<p>O Minist\u00e9rio do Turismo e a CBMM apresentam com exclusividade o 10.\u00ba&nbsp;Fliarax\u00e1, com o patroc\u00ednio da Cemig e do Ita\u00fa&nbsp;e apoio da Rede Mater Dei de Sa\u00fade, Grupo Zema, Prefeitura Municipal de Arax\u00e1, Funda\u00e7\u00e3o Cultural Calmon Barreto, Secretaria Municipal de Desenvolvimento, Turismo e Inova\u00e7\u00e3o Tecnol\u00f3gica, Cufa&nbsp;\u2013&nbsp;Central&nbsp;\u00danica de Favelas de Arax\u00e1 \u2013, com recursos da Lei Federal de Incentivo&nbsp;\u00e0&nbsp;Cultura, da Secretaria Especial da Cultura do Minist\u00e9rio do Turismo.<\/p>\n\n\n\n<p><strong>Servi<\/strong><strong>\u00e7<\/strong><strong>o<\/strong><\/p>\n\n\n\n<p><strong><em>Festival Saberes e Sabores<\/em><\/strong><strong><em><\/em><\/strong><\/p>\n\n\n\n<p>De 11 a 15 de maio, de quarta a domingo<\/p>\n\n\n\n<p>Local: Grande Hotel<\/p>\n\n\n\n<p>Informa\u00e7\u00f5es:<\/p>\n\n\n\n<p>@saberesesaboresdearaxa<\/p>\n\n\n\n<p><a href=\"http:\/\/saberesesaboresdearaxa.com.br\/\" target=\"_blank\" rel=\"noreferrer noopener\">http:\/\/saberesesaboresdearaxa.com.br\/<\/a><\/p>\n\n\n\n<p><strong><em>10.\u00ba&nbsp;<\/em><\/strong><strong><em>Fliarax<\/em><\/strong><strong><em>\u00e1 \u2013&nbsp;<\/em><\/strong><strong><em>Festival Liter<\/em><\/strong><strong><em>\u00e1<\/em><\/strong><strong><em>rio de Arax<\/em><\/strong><strong><em>\u00e1<\/em><\/strong><\/p>\n\n\n\n<p>De 11 a 15 de maio, de quarta a domingo<\/p>\n\n\n\n<p>Tema:&nbsp;\u201cAboli\u00e7\u00e3o, Independ\u00eancia e Literatura\u201d<\/p>\n\n\n\n<p>Formato h\u00edbrido&nbsp;\u2013&nbsp;transmiss\u00e3o em tempo real pelas plataformas do festival: Youtube e Facebook do @fliaraxa<\/p>\n\n\n\n<p>Locais: Grande Hotel, Teatro Municipal Maximiliano Rocha, Parque do Cristo e Funda\u00e7\u00e3o Cultural Calmon Barreto<\/p>\n\n\n\n<p>Informa\u00e7\u00f5es: @fliaraxa&nbsp;\u2013&nbsp;<a href=\"http:\/\/www.fliaraxa.com.br\/\" target=\"_blank\" rel=\"noreferrer noopener\">www.fliaraxa.com.br<\/a><\/p>\n\n\n\n<p>&#8212;<\/p>\n","protected":false},"excerpt":{"rendered":"<p>Fliarax\u00e1&nbsp;e Festival Saberes e Sabores&nbsp;ser\u00e3o realizados de forma integrada, de 15&nbsp;a&nbsp;11 de maio Arax\u00e1, no Alto Parana\u00edba mineiro, tem uma<\/p>\n","protected":false},"author":2,"featured_media":552,"comment_status":"open","ping_status":"open","sticky":false,"template":"","format":"standard","meta":{"footnotes":""},"categories":[9,11],"tags":[],"class_list":["post-550","post","type-post","status-publish","format-standard","has-post-thumbnail","hentry","category-araxa","category-destaques"],"_links":{"self":[{"href":"http:\/\/blogdoarmindomaia.com.br\/index.php?rest_route=\/wp\/v2\/posts\/550","targetHints":{"allow":["GET"]}}],"collection":[{"href":"http:\/\/blogdoarmindomaia.com.br\/index.php?rest_route=\/wp\/v2\/posts"}],"about":[{"href":"http:\/\/blogdoarmindomaia.com.br\/index.php?rest_route=\/wp\/v2\/types\/post"}],"author":[{"embeddable":true,"href":"http:\/\/blogdoarmindomaia.com.br\/index.php?rest_route=\/wp\/v2\/users\/2"}],"replies":[{"embeddable":true,"href":"http:\/\/blogdoarmindomaia.com.br\/index.php?rest_route=%2Fwp%2Fv2%2Fcomments&post=550"}],"version-history":[{"count":1,"href":"http:\/\/blogdoarmindomaia.com.br\/index.php?rest_route=\/wp\/v2\/posts\/550\/revisions"}],"predecessor-version":[{"id":553,"href":"http:\/\/blogdoarmindomaia.com.br\/index.php?rest_route=\/wp\/v2\/posts\/550\/revisions\/553"}],"wp:featuredmedia":[{"embeddable":true,"href":"http:\/\/blogdoarmindomaia.com.br\/index.php?rest_route=\/wp\/v2\/media\/552"}],"wp:attachment":[{"href":"http:\/\/blogdoarmindomaia.com.br\/index.php?rest_route=%2Fwp%2Fv2%2Fmedia&parent=550"}],"wp:term":[{"taxonomy":"category","embeddable":true,"href":"http:\/\/blogdoarmindomaia.com.br\/index.php?rest_route=%2Fwp%2Fv2%2Fcategories&post=550"},{"taxonomy":"post_tag","embeddable":true,"href":"http:\/\/blogdoarmindomaia.com.br\/index.php?rest_route=%2Fwp%2Fv2%2Ftags&post=550"}],"curies":[{"name":"wp","href":"https:\/\/api.w.org\/{rel}","templated":true}]}}