{"id":5502,"date":"2023-06-26T11:14:41","date_gmt":"2023-06-26T14:14:41","guid":{"rendered":"http:\/\/blogdoarmindomaia.com.br\/?p=5502"},"modified":"2023-06-26T11:14:43","modified_gmt":"2023-06-26T14:14:43","slug":"interpretes-em-libras-garantem-inclusao-nas-escolas-da-prefeitura-de-araxa","status":"publish","type":"post","link":"http:\/\/blogdoarmindomaia.com.br\/?p=5502","title":{"rendered":"Int\u00e9rpretes em Libras garantem inclus\u00e3o nas escolas da Prefeitura de Arax\u00e1"},"content":{"rendered":"\n<figure class=\"wp-block-image size-full is-style-default\"><img loading=\"lazy\" decoding=\"async\" width=\"1024\" height=\"683\" src=\"http:\/\/blogdoarmindomaia.com.br\/wp-content\/uploads\/2023\/06\/Interpretes-em-Libras-garantem-inclusao-nas-escolas-da-Prefeitura-de-Araxa-pag-07.jpg\" alt=\"\" class=\"wp-image-5503\" srcset=\"http:\/\/blogdoarmindomaia.com.br\/wp-content\/uploads\/2023\/06\/Interpretes-em-Libras-garantem-inclusao-nas-escolas-da-Prefeitura-de-Araxa-pag-07.jpg 1024w, http:\/\/blogdoarmindomaia.com.br\/wp-content\/uploads\/2023\/06\/Interpretes-em-Libras-garantem-inclusao-nas-escolas-da-Prefeitura-de-Araxa-pag-07-300x200.jpg 300w, http:\/\/blogdoarmindomaia.com.br\/wp-content\/uploads\/2023\/06\/Interpretes-em-Libras-garantem-inclusao-nas-escolas-da-Prefeitura-de-Araxa-pag-07-768x512.jpg 768w\" sizes=\"auto, (max-width: 1024px) 100vw, 1024px\" \/><\/figure>\n\n\n\n<p>Quando se trata de inclus\u00e3o e socializa\u00e7\u00e3o em Arax\u00e1, n\u00e3o existem barreiras para o aprendizado dos estudantes da Rede Municipal de Ensino. As unidades escolares da Prefeitura de Arax\u00e1 oferecem atendimento educacional especializado aos alunos surdos ou com defici\u00eancia auditiva.<br><br>Para facilitar a comunica\u00e7\u00e3o com os professores, colegas e demais pessoas, as escolas disponibilizam int\u00e9rpretes da L\u00edngua Brasileira de Sinais (Libras) nas salas de aula que tenham estudantes com defici\u00eancia auditiva, com acompanhamento di\u00e1rio.<br><br>O int\u00e9rprete de Libras \u00e9 o profissional que domina a l\u00edngua de sinais e a l\u00edngua falada. Ele \u00e9 qualificado para desempenhar a fun\u00e7\u00e3o de int\u00e9rprete. Na escola, atua como mediador entre o aluno surdo e o professor. Seu papel em sala de aula \u00e9 traduzir da L\u00edngua Portuguesa para a L\u00edngua de Sinais. Ele deve estar atento para transferir o conte\u00fado e d\u00favidas, possibilitando a participa\u00e7\u00e3o do aluno em todos os contextos.<br><br>Hoje, o Munic\u00edpio conta com int\u00e9rpretes que atendem alunos surdos nas Escolas Aziz J. Chaer e Agar de Affonseca e Silva. Os estudantes s\u00e3o atendidos em duas frentes: no acompanhamento e interpreta\u00e7\u00e3o em sala de aula regular e no atendimento e atividades complementares na Sala de Recursos Multifuncionais.<br><br>O prefeito Robson Magela explica que a inclus\u00e3o \u00e9 um dos pilares da atual gest\u00e3o, que oferece uma educa\u00e7\u00e3o de qualidade e justa para todos. \u201cInvestir em educa\u00e7\u00e3o \u00e9 investir no futuro, e nada mais justo do que utilizar a inclus\u00e3o como fio condutor desse trabalho. A gest\u00e3o n\u00e3o tem medido esfor\u00e7os para investir com seriedade na educa\u00e7\u00e3o p\u00fablica de qualidade, e o int\u00e9rprete de Libras \u00e9 a prova disso. Uma inclus\u00e3o de verdade, com acolhimento, carinho e amor que essas crian\u00e7as merecem\u201d, destaca.<br><br>De acordo com a secret\u00e1ria municipal de Educa\u00e7\u00e3o, Zulma Moreira, o int\u00e9rprete de Libras na sala de aula garante o direito de aprendizagem dos alunos de forma significativa. \u201cUma das metas da Educa\u00e7\u00e3o Municipal \u00e9 oferecer oportunidades para todos os alunos. \u00c9 um lindo trabalho, que oferece a oportunidade para que o aluno consiga se inserir na comunidade como qualquer outra crian\u00e7a\u201d, explica a secret\u00e1ria.<br><br>O int\u00e9rprete e o instrutor de Libras \u00e9, para a pessoa surda, um elo de comunica\u00e7\u00e3o com o mundo. &#8220;Gosto muito de vir para a escola e amo meus colegas de turma. Minhas mat\u00e9rias preferidas s\u00e3o Arte e Educa\u00e7\u00e3o f\u00edsica&#8221;, diz, em Libras, a aluna Melany Let\u00edcia Pereira, da Escola Aziz J. Chaer.<br><\/p>\n","protected":false},"excerpt":{"rendered":"<p>Quando se trata de inclus\u00e3o e socializa\u00e7\u00e3o em Arax\u00e1, n\u00e3o existem barreiras para o aprendizado dos estudantes da Rede Municipal<\/p>\n","protected":false},"author":2,"featured_media":5503,"comment_status":"open","ping_status":"open","sticky":false,"template":"","format":"standard","meta":{"footnotes":""},"categories":[9,11,13],"tags":[],"class_list":["post-5502","post","type-post","status-publish","format-standard","has-post-thumbnail","hentry","category-araxa","category-destaques","category-educacao"],"_links":{"self":[{"href":"http:\/\/blogdoarmindomaia.com.br\/index.php?rest_route=\/wp\/v2\/posts\/5502","targetHints":{"allow":["GET"]}}],"collection":[{"href":"http:\/\/blogdoarmindomaia.com.br\/index.php?rest_route=\/wp\/v2\/posts"}],"about":[{"href":"http:\/\/blogdoarmindomaia.com.br\/index.php?rest_route=\/wp\/v2\/types\/post"}],"author":[{"embeddable":true,"href":"http:\/\/blogdoarmindomaia.com.br\/index.php?rest_route=\/wp\/v2\/users\/2"}],"replies":[{"embeddable":true,"href":"http:\/\/blogdoarmindomaia.com.br\/index.php?rest_route=%2Fwp%2Fv2%2Fcomments&post=5502"}],"version-history":[{"count":1,"href":"http:\/\/blogdoarmindomaia.com.br\/index.php?rest_route=\/wp\/v2\/posts\/5502\/revisions"}],"predecessor-version":[{"id":5504,"href":"http:\/\/blogdoarmindomaia.com.br\/index.php?rest_route=\/wp\/v2\/posts\/5502\/revisions\/5504"}],"wp:featuredmedia":[{"embeddable":true,"href":"http:\/\/blogdoarmindomaia.com.br\/index.php?rest_route=\/wp\/v2\/media\/5503"}],"wp:attachment":[{"href":"http:\/\/blogdoarmindomaia.com.br\/index.php?rest_route=%2Fwp%2Fv2%2Fmedia&parent=5502"}],"wp:term":[{"taxonomy":"category","embeddable":true,"href":"http:\/\/blogdoarmindomaia.com.br\/index.php?rest_route=%2Fwp%2Fv2%2Fcategories&post=5502"},{"taxonomy":"post_tag","embeddable":true,"href":"http:\/\/blogdoarmindomaia.com.br\/index.php?rest_route=%2Fwp%2Fv2%2Ftags&post=5502"}],"curies":[{"name":"wp","href":"https:\/\/api.w.org\/{rel}","templated":true}]}}