{"id":5514,"date":"2023-06-27T11:06:32","date_gmt":"2023-06-27T14:06:32","guid":{"rendered":"http:\/\/blogdoarmindomaia.com.br\/?p=5514"},"modified":"2023-06-27T11:06:34","modified_gmt":"2023-06-27T14:06:34","slug":"empossado-o-novo-conselho-diretor-da-fundacao-cultural-de-araxa","status":"publish","type":"post","link":"http:\/\/blogdoarmindomaia.com.br\/?p=5514","title":{"rendered":"Empossado o novo Conselho Diretor da Funda\u00e7\u00e3o Cultural de Arax\u00e1"},"content":{"rendered":"\n<figure class=\"wp-block-image size-large is-style-default\"><img loading=\"lazy\" decoding=\"async\" width=\"1024\" height=\"576\" src=\"http:\/\/blogdoarmindomaia.com.br\/wp-content\/uploads\/2023\/06\/870fe29e-c1da-4187-a4f6-7fe6bb0bf375-1024x576.jpg\" alt=\"\" class=\"wp-image-5515\" srcset=\"http:\/\/blogdoarmindomaia.com.br\/wp-content\/uploads\/2023\/06\/870fe29e-c1da-4187-a4f6-7fe6bb0bf375-1024x576.jpg 1024w, http:\/\/blogdoarmindomaia.com.br\/wp-content\/uploads\/2023\/06\/870fe29e-c1da-4187-a4f6-7fe6bb0bf375-300x169.jpg 300w, http:\/\/blogdoarmindomaia.com.br\/wp-content\/uploads\/2023\/06\/870fe29e-c1da-4187-a4f6-7fe6bb0bf375-768x432.jpg 768w, http:\/\/blogdoarmindomaia.com.br\/wp-content\/uploads\/2023\/06\/870fe29e-c1da-4187-a4f6-7fe6bb0bf375-1536x864.jpg 1536w, http:\/\/blogdoarmindomaia.com.br\/wp-content\/uploads\/2023\/06\/870fe29e-c1da-4187-a4f6-7fe6bb0bf375.jpg 1600w\" sizes=\"auto, (max-width: 1024px) 100vw, 1024px\" \/><\/figure>\n\n\n\n<p>A solenidade foi realizada no Teatro CBMM, no Centro Cultural do Uniarax\u00e1, na noite da \u00faltima sexta-feira, dia 16 de junho. O evento com a participa\u00e7\u00e3o de professores, colaboradores, alunos do Uniarax\u00e1 e representantes da sociedade civil do munic\u00edpio.&nbsp;&nbsp;&nbsp;&nbsp;<\/p>\n\n\n\n<p>O Conselho Curador empossado \u00e9 composto por:<\/p>\n\n\n\n<p>Prof. M.e. Anderson Santos Carvalho<\/p>\n\n\n\n<p>Prof. Dr. Fabr\u00edcio Borges Oliveira<\/p>\n\n\n\n<p>Prof. M.e Rodrigo de Siqueira<\/p>\n\n\n\n<p>Profa. Dra. Ana Paula Nassif Tondato da Trindade<\/p>\n\n\n\n<p>Prof. M.e Renato Correa Juliano<\/p>\n\n\n\n<p>Profa. Zulma Moreira<\/p>\n\n\n\n<p>Sra. Camila de Paula Fortunatti<\/p>\n\n\n\n<p>Prof. Geovania Carla de Moura<\/p>\n\n\n\n<p>Sr. Mizael Paiva de Aguiar<\/p>\n\n\n\n<p>Conselho Fiscal:<\/p>\n\n\n\n<p>Dr. Willian de Ara\u00fajo Rodrigues<\/p>\n\n\n\n<p>Sr. Waldecy Carvalho de Lima<\/p>\n\n\n\n<p>O Presidente eleito do Conselho Curador da FCA foi o Prof. Dr. Fabr\u00edcio Borges Oliveira e a vice,<\/p>\n\n\n\n<p>Profa. Dra. Ana Paula Nassif Tondato da Trindade. Eles ir\u00e3o atuar na gest\u00e3o 2023\/2027.<\/p>\n","protected":false},"excerpt":{"rendered":"<p>A solenidade foi realizada no Teatro CBMM, no Centro Cultural do Uniarax\u00e1, na noite da \u00faltima sexta-feira, dia 16 de<\/p>\n","protected":false},"author":2,"featured_media":5515,"comment_status":"open","ping_status":"open","sticky":false,"template":"","format":"standard","meta":{"footnotes":""},"categories":[9,11],"tags":[],"class_list":["post-5514","post","type-post","status-publish","format-standard","has-post-thumbnail","hentry","category-araxa","category-destaques"],"_links":{"self":[{"href":"http:\/\/blogdoarmindomaia.com.br\/index.php?rest_route=\/wp\/v2\/posts\/5514","targetHints":{"allow":["GET"]}}],"collection":[{"href":"http:\/\/blogdoarmindomaia.com.br\/index.php?rest_route=\/wp\/v2\/posts"}],"about":[{"href":"http:\/\/blogdoarmindomaia.com.br\/index.php?rest_route=\/wp\/v2\/types\/post"}],"author":[{"embeddable":true,"href":"http:\/\/blogdoarmindomaia.com.br\/index.php?rest_route=\/wp\/v2\/users\/2"}],"replies":[{"embeddable":true,"href":"http:\/\/blogdoarmindomaia.com.br\/index.php?rest_route=%2Fwp%2Fv2%2Fcomments&post=5514"}],"version-history":[{"count":1,"href":"http:\/\/blogdoarmindomaia.com.br\/index.php?rest_route=\/wp\/v2\/posts\/5514\/revisions"}],"predecessor-version":[{"id":5516,"href":"http:\/\/blogdoarmindomaia.com.br\/index.php?rest_route=\/wp\/v2\/posts\/5514\/revisions\/5516"}],"wp:featuredmedia":[{"embeddable":true,"href":"http:\/\/blogdoarmindomaia.com.br\/index.php?rest_route=\/wp\/v2\/media\/5515"}],"wp:attachment":[{"href":"http:\/\/blogdoarmindomaia.com.br\/index.php?rest_route=%2Fwp%2Fv2%2Fmedia&parent=5514"}],"wp:term":[{"taxonomy":"category","embeddable":true,"href":"http:\/\/blogdoarmindomaia.com.br\/index.php?rest_route=%2Fwp%2Fv2%2Fcategories&post=5514"},{"taxonomy":"post_tag","embeddable":true,"href":"http:\/\/blogdoarmindomaia.com.br\/index.php?rest_route=%2Fwp%2Fv2%2Ftags&post=5514"}],"curies":[{"name":"wp","href":"https:\/\/api.w.org\/{rel}","templated":true}]}}